
{"id":17922,"date":"2015-10-13T11:48:36","date_gmt":"2015-10-13T09:48:36","guid":{"rendered":"http:\/\/radiomoradebre.cat\/wp\/?p=17922"},"modified":"2015-10-13T11:48:36","modified_gmt":"2015-10-13T09:48:36","slug":"continua-la-vaga-dexaminadors-de-transit","status":"publish","type":"post","link":"https:\/\/www.radiomoradebre.cat\/wp\/2015\/10\/13\/continua-la-vaga-dexaminadors-de-transit\/","title":{"rendered":"Continua la vaga d&#8217;examinadors de tr\u00e0nsit"},"content":{"rendered":"<p><em><strong>M\u00e9s de 650 alumnes continuen pendents d&#8217;examinar-se a la demarcaci\u00f3 de Tarragona a causa de la vaga d&#8217;examinadors de tr\u00e0nsit. Una mesura que afecta als aspirants que han de seguir fent pr\u00e0ctiques a l&#8217;espera que arribi la data definitiva.<\/strong><\/em><\/p>\n<p>ADRIANA MONCL\u00daS<\/p>\n<p><a href=\"http:\/\/radiomoradebre.cat\/wp\/wp-content\/uploads\/2015\/10\/CRO-13-10-15-examinadors-de-transit.mp3\">CRO 13-10-15 examinadors de transit<\/a><\/p>\n","protected":false},"excerpt":{"rendered":"<p>M\u00e9s de 650 alumnes continuen pendents d&#8217;examinar-se a la demarcaci\u00f3 de Tarragona a causa de la vaga d&#8217;examinadors de tr\u00e0nsit. Una mesura que afecta als aspirants que han de seguir fent pr\u00e0ctiques a l&#8217;espera que arribi la data definitiva. ADRIANA &hellip; <a href=\"https:\/\/www.radiomoradebre.cat\/wp\/2015\/10\/13\/continua-la-vaga-dexaminadors-de-transit\/\">Continue reading <span class=\"meta-nav\">&rarr;<\/span><\/a><\/p>\n","protected":false},"author":3,"featured_media":0,"comment_status":"closed","ping_status":"open","sticky":false,"template":"","format":"standard","meta":{"footnotes":""},"categories":[2],"tags":[5303,1771,2764,5345],"class_list":["post-17922","post","type-post","status-publish","format-standard","hentry","category-noticies","tag-autoescoles","tag-examens","tag-transit","tag-vehicles"],"_links":{"self":[{"href":"https:\/\/www.radiomoradebre.cat\/wp\/wp-json\/wp\/v2\/posts\/17922","targetHints":{"allow":["GET"]}}],"collection":[{"href":"https:\/\/www.radiomoradebre.cat\/wp\/wp-json\/wp\/v2\/posts"}],"about":[{"href":"https:\/\/www.radiomoradebre.cat\/wp\/wp-json\/wp\/v2\/types\/post"}],"author":[{"embeddable":true,"href":"https:\/\/www.radiomoradebre.cat\/wp\/wp-json\/wp\/v2\/users\/3"}],"replies":[{"embeddable":true,"href":"https:\/\/www.radiomoradebre.cat\/wp\/wp-json\/wp\/v2\/comments?post=17922"}],"version-history":[{"count":1,"href":"https:\/\/www.radiomoradebre.cat\/wp\/wp-json\/wp\/v2\/posts\/17922\/revisions"}],"predecessor-version":[{"id":17925,"href":"https:\/\/www.radiomoradebre.cat\/wp\/wp-json\/wp\/v2\/posts\/17922\/revisions\/17925"}],"wp:attachment":[{"href":"https:\/\/www.radiomoradebre.cat\/wp\/wp-json\/wp\/v2\/media?parent=17922"}],"wp:term":[{"taxonomy":"category","embeddable":true,"href":"https:\/\/www.radiomoradebre.cat\/wp\/wp-json\/wp\/v2\/categories?post=17922"},{"taxonomy":"post_tag","embeddable":true,"href":"https:\/\/www.radiomoradebre.cat\/wp\/wp-json\/wp\/v2\/tags?post=17922"}],"curies":[{"name":"wp","href":"https:\/\/api.w.org\/{rel}","templated":true}]}}