
{"id":17917,"date":"2015-10-13T11:45:06","date_gmt":"2015-10-13T09:45:06","guid":{"rendered":"http:\/\/radiomoradebre.cat\/wp\/?p=17917"},"modified":"2015-10-13T11:45:06","modified_gmt":"2015-10-13T09:45:06","slug":"el-gandesa-es-posa-lider-a-segona-catalana","status":"publish","type":"post","link":"https:\/\/www.radiomoradebre.cat\/wp\/2015\/10\/13\/el-gandesa-es-posa-lider-a-segona-catalana\/","title":{"rendered":"El Gandesa es posa l\u00edder a Segona Catalana"},"content":{"rendered":"<p><em><strong>L\u2019Asc\u00f3 va empatar a 1 amb un gol a temps afegit del Granollers, a Tercera Divisi\u00f3. A Segona Catalana, el Gandesa va guanyar 1 a 2 a la Canonja i \u00e9s el nou l\u00edder, empatat a punts amb el Tortosa. L\u2019Ol\u00edmpic de M\u00f3ra d\u2019Ebre va guanyar 1 a 3 al Corbera, a la Tercera Catalana.<\/strong><\/em><\/p>\n<p><em><strong>Aquest cap de setmana Tivissa ha celebrat la desena edici\u00f3 de la seua Cursa de Muntanya amb un total de 268 participants amb les diferents modalitats.<\/strong><\/em><\/p>\n<p>ANDREU PRUNERA<\/p>\n<p><a href=\"http:\/\/radiomoradebre.cat\/wp\/wp-content\/uploads\/2015\/10\/CRO-13-10-15-esports.mp3\">CRO 13-10-15 esports<\/a><\/p>\n<p><a href=\"http:\/\/radiomoradebre.cat\/wp\/wp-content\/uploads\/2015\/10\/1E_t1516_j8.jpg\"><img loading=\"lazy\" decoding=\"async\" class=\"aligncenter size-medium wp-image-17919\" src=\"http:\/\/radiomoradebre.cat\/wp\/wp-content\/uploads\/2015\/10\/1E_t1516_j8-300x133.jpg\" alt=\"1E_t1516_j8\" width=\"300\" height=\"133\" srcset=\"https:\/\/www.radiomoradebre.cat\/wp\/wp-content\/uploads\/2015\/10\/1E_t1516_j8-300x133.jpg 300w, https:\/\/www.radiomoradebre.cat\/wp\/wp-content\/uploads\/2015\/10\/1E_t1516_j8.jpg 944w\" sizes=\"auto, (max-width: 300px) 100vw, 300px\" \/><\/a><\/p>\n","protected":false},"excerpt":{"rendered":"<p>L\u2019Asc\u00f3 va empatar a 1 amb un gol a temps afegit del Granollers, a Tercera Divisi\u00f3. A Segona Catalana, el Gandesa va guanyar 1 a 2 a la Canonja i \u00e9s el nou l\u00edder, empatat a punts amb el Tortosa. &hellip; <a href=\"https:\/\/www.radiomoradebre.cat\/wp\/2015\/10\/13\/el-gandesa-es-posa-lider-a-segona-catalana\/\">Continue reading <span class=\"meta-nav\">&rarr;<\/span><\/a><\/p>\n","protected":false},"author":3,"featured_media":0,"comment_status":"closed","ping_status":"open","sticky":false,"template":"","format":"standard","meta":{"footnotes":""},"categories":[2],"tags":[3764,1060,901,5227,1265,4626,329],"class_list":["post-17917","post","type-post","status-publish","format-standard","hentry","category-noticies","tag-cursa-de-muntanya","tag-esports","tag-fc-asco","tag-fc-gandesa","tag-futbol","tag-olimpic-de-mora-debre","tag-tivissa"],"_links":{"self":[{"href":"https:\/\/www.radiomoradebre.cat\/wp\/wp-json\/wp\/v2\/posts\/17917","targetHints":{"allow":["GET"]}}],"collection":[{"href":"https:\/\/www.radiomoradebre.cat\/wp\/wp-json\/wp\/v2\/posts"}],"about":[{"href":"https:\/\/www.radiomoradebre.cat\/wp\/wp-json\/wp\/v2\/types\/post"}],"author":[{"embeddable":true,"href":"https:\/\/www.radiomoradebre.cat\/wp\/wp-json\/wp\/v2\/users\/3"}],"replies":[{"embeddable":true,"href":"https:\/\/www.radiomoradebre.cat\/wp\/wp-json\/wp\/v2\/comments?post=17917"}],"version-history":[{"count":1,"href":"https:\/\/www.radiomoradebre.cat\/wp\/wp-json\/wp\/v2\/posts\/17917\/revisions"}],"predecessor-version":[{"id":17920,"href":"https:\/\/www.radiomoradebre.cat\/wp\/wp-json\/wp\/v2\/posts\/17917\/revisions\/17920"}],"wp:attachment":[{"href":"https:\/\/www.radiomoradebre.cat\/wp\/wp-json\/wp\/v2\/media?parent=17917"}],"wp:term":[{"taxonomy":"category","embeddable":true,"href":"https:\/\/www.radiomoradebre.cat\/wp\/wp-json\/wp\/v2\/categories?post=17917"},{"taxonomy":"post_tag","embeddable":true,"href":"https:\/\/www.radiomoradebre.cat\/wp\/wp-json\/wp\/v2\/tags?post=17917"}],"curies":[{"name":"wp","href":"https:\/\/api.w.org\/{rel}","templated":true}]}}