
{"id":17398,"date":"2015-09-03T14:38:20","date_gmt":"2015-09-03T12:38:20","guid":{"rendered":"http:\/\/radiomoradebre.cat\/wp\/?p=17398"},"modified":"2015-09-03T14:38:20","modified_gmt":"2015-09-03T12:38:20","slug":"erc-reclama-68-milions-deuros-en-esmenes-als-pressupostos-generals-de-lestat","status":"publish","type":"post","link":"https:\/\/www.radiomoradebre.cat\/wp\/2015\/09\/03\/erc-reclama-68-milions-deuros-en-esmenes-als-pressupostos-generals-de-lestat\/","title":{"rendered":"ERC reclama 68 milions d&#8217;euros en esmenes als Pressupostos Generals de l&#8217;Estat"},"content":{"rendered":"<p><em><strong>Esquerra Republicana de Catalunya reclama a l\u2019Estat inversions per un valor total de 68 milions d\u2019euros en format d\u2019esmenes als Presuspostos Generals de l\u2019Estat. Els republicans qualifiquen d\u2019indignitat els presupostos generals de l\u2019Estat pel que respecta a l\u2019Ebre i argumenten que les inversions que es reclamen s\u00f3n els deutes m\u00e9s urgents que t\u00e9 l\u2019Estat amb el territori.<\/strong><\/em><\/p>\n<p>SER EBRE<\/p>\n<p><a href=\"http:\/\/radiomoradebre.cat\/wp\/wp-content\/uploads\/2015\/09\/CRO-03-09-15-esmenes-erc.mp3\">CRO 03-09-15 esmenes erc<\/a><\/p>\n<p><a href=\"http:\/\/radiomoradebre.cat\/wp\/wp-content\/uploads\/2015\/09\/Adam-Tom\u00e0s.jpg\"><img loading=\"lazy\" decoding=\"async\" class=\"aligncenter size-medium wp-image-17400\" src=\"http:\/\/radiomoradebre.cat\/wp\/wp-content\/uploads\/2015\/09\/Adam-Tom\u00e0s-225x300.jpg\" alt=\"Adam-Tom\u00e0s\" width=\"225\" height=\"300\" srcset=\"https:\/\/www.radiomoradebre.cat\/wp\/wp-content\/uploads\/2015\/09\/Adam-Tom\u00e0s-225x300.jpg 225w, https:\/\/www.radiomoradebre.cat\/wp\/wp-content\/uploads\/2015\/09\/Adam-Tom\u00e0s-767x1024.jpg 767w\" sizes=\"auto, (max-width: 225px) 100vw, 225px\" \/><\/a><\/p>\n","protected":false},"excerpt":{"rendered":"<p>Esquerra Republicana de Catalunya reclama a l\u2019Estat inversions per un valor total de 68 milions d\u2019euros en format d\u2019esmenes als Presuspostos Generals de l\u2019Estat. Els republicans qualifiquen d\u2019indignitat els presupostos generals de l\u2019Estat pel que respecta a l\u2019Ebre i argumenten &hellip; <a href=\"https:\/\/www.radiomoradebre.cat\/wp\/2015\/09\/03\/erc-reclama-68-milions-deuros-en-esmenes-als-pressupostos-generals-de-lestat\/\">Continue reading <span class=\"meta-nav\">&rarr;<\/span><\/a><\/p>\n","protected":false},"author":3,"featured_media":0,"comment_status":"closed","ping_status":"open","sticky":false,"template":"","format":"standard","meta":{"footnotes":""},"categories":[2],"tags":[5404,163,4192,1958,5256],"class_list":["post-17398","post","type-post","status-publish","format-standard","hentry","category-noticies","tag-adam-tomas","tag-erc","tag-esquerra-republicana","tag-pressupostos","tag-pressupostos-generals-de-lestat"],"_links":{"self":[{"href":"https:\/\/www.radiomoradebre.cat\/wp\/wp-json\/wp\/v2\/posts\/17398","targetHints":{"allow":["GET"]}}],"collection":[{"href":"https:\/\/www.radiomoradebre.cat\/wp\/wp-json\/wp\/v2\/posts"}],"about":[{"href":"https:\/\/www.radiomoradebre.cat\/wp\/wp-json\/wp\/v2\/types\/post"}],"author":[{"embeddable":true,"href":"https:\/\/www.radiomoradebre.cat\/wp\/wp-json\/wp\/v2\/users\/3"}],"replies":[{"embeddable":true,"href":"https:\/\/www.radiomoradebre.cat\/wp\/wp-json\/wp\/v2\/comments?post=17398"}],"version-history":[{"count":1,"href":"https:\/\/www.radiomoradebre.cat\/wp\/wp-json\/wp\/v2\/posts\/17398\/revisions"}],"predecessor-version":[{"id":17401,"href":"https:\/\/www.radiomoradebre.cat\/wp\/wp-json\/wp\/v2\/posts\/17398\/revisions\/17401"}],"wp:attachment":[{"href":"https:\/\/www.radiomoradebre.cat\/wp\/wp-json\/wp\/v2\/media?parent=17398"}],"wp:term":[{"taxonomy":"category","embeddable":true,"href":"https:\/\/www.radiomoradebre.cat\/wp\/wp-json\/wp\/v2\/categories?post=17398"},{"taxonomy":"post_tag","embeddable":true,"href":"https:\/\/www.radiomoradebre.cat\/wp\/wp-json\/wp\/v2\/tags?post=17398"}],"curies":[{"name":"wp","href":"https:\/\/api.w.org\/{rel}","templated":true}]}}