
{"id":17190,"date":"2015-08-19T11:03:48","date_gmt":"2015-08-19T09:03:48","guid":{"rendered":"http:\/\/radiomoradebre.cat\/wp\/?p=17190"},"modified":"2015-08-19T11:03:48","modified_gmt":"2015-08-19T09:03:48","slug":"lajuntament-dasco-estudia-eliminar-les-vaquetes-de-les-festes-majors","status":"publish","type":"post","link":"https:\/\/www.radiomoradebre.cat\/wp\/2015\/08\/19\/lajuntament-dasco-estudia-eliminar-les-vaquetes-de-les-festes-majors\/","title":{"rendered":"L&#8217;Ajuntament d&#8217;Asc\u00f3 estudia eliminar les vaquetes de les Festes Majors"},"content":{"rendered":"<p><em><strong>L\u2019Ajuntament d\u2019Asc\u00f3 es planteja eliminar els espectacles amb vaquetes durant les Festes Majors, que l\u2019anterior equip de govern va recuperar l\u2019any 2013 despr\u00e9s de m\u00e9s de 30 anys sense fer-se. El regidor de festes, Josep Jaimot, destaca que a Asc\u00f3 no hi ha una tradici\u00f3 arrelada de fer espectacles taurins i argumenta que tenen un cost econ\u00f2mic molt elevat.<\/strong><\/em><\/p>\n<p>ANDREU PRUNERA<\/p>\n<p><a href=\"http:\/\/radiomoradebre.cat\/wp\/wp-content\/uploads\/2015\/08\/CRO-19-08-15-vaquetes.mp3\">CRO 19-08-15 vaquetes<\/a><\/p>\n<p><a href=\"http:\/\/radiomoradebre.cat\/wp\/wp-content\/uploads\/2015\/08\/DSC_0205.jpg\"><img loading=\"lazy\" decoding=\"async\" class=\"aligncenter size-medium wp-image-17192\" src=\"http:\/\/radiomoradebre.cat\/wp\/wp-content\/uploads\/2015\/08\/DSC_0205-300x201.jpg\" alt=\"DSC_0205\" width=\"300\" height=\"201\" srcset=\"https:\/\/www.radiomoradebre.cat\/wp\/wp-content\/uploads\/2015\/08\/DSC_0205-300x201.jpg 300w, https:\/\/www.radiomoradebre.cat\/wp\/wp-content\/uploads\/2015\/08\/DSC_0205.jpg 800w\" sizes=\"auto, (max-width: 300px) 100vw, 300px\" \/><\/a><\/p>\n","protected":false},"excerpt":{"rendered":"<p>L\u2019Ajuntament d\u2019Asc\u00f3 es planteja eliminar els espectacles amb vaquetes durant les Festes Majors, que l\u2019anterior equip de govern va recuperar l\u2019any 2013 despr\u00e9s de m\u00e9s de 30 anys sense fer-se. El regidor de festes, Josep Jaimot, destaca que a Asc\u00f3 &hellip; <a href=\"https:\/\/www.radiomoradebre.cat\/wp\/2015\/08\/19\/lajuntament-dasco-estudia-eliminar-les-vaquetes-de-les-festes-majors\/\">Continue reading <span class=\"meta-nav\">&rarr;<\/span><\/a><\/p>\n","protected":false},"author":3,"featured_media":0,"comment_status":"closed","ping_status":"open","sticky":false,"template":"","format":"standard","meta":{"footnotes":""},"categories":[2],"tags":[169,69,1294,5054,5374,5375,1367],"class_list":["post-17190","post","type-post","status-publish","format-standard","hentry","category-noticies","tag-ajuntament-dasco","tag-asco","tag-festa-major","tag-festes-majors","tag-josep-jaumot","tag-vaquetes","tag-vaquilles"],"_links":{"self":[{"href":"https:\/\/www.radiomoradebre.cat\/wp\/wp-json\/wp\/v2\/posts\/17190","targetHints":{"allow":["GET"]}}],"collection":[{"href":"https:\/\/www.radiomoradebre.cat\/wp\/wp-json\/wp\/v2\/posts"}],"about":[{"href":"https:\/\/www.radiomoradebre.cat\/wp\/wp-json\/wp\/v2\/types\/post"}],"author":[{"embeddable":true,"href":"https:\/\/www.radiomoradebre.cat\/wp\/wp-json\/wp\/v2\/users\/3"}],"replies":[{"embeddable":true,"href":"https:\/\/www.radiomoradebre.cat\/wp\/wp-json\/wp\/v2\/comments?post=17190"}],"version-history":[{"count":1,"href":"https:\/\/www.radiomoradebre.cat\/wp\/wp-json\/wp\/v2\/posts\/17190\/revisions"}],"predecessor-version":[{"id":17193,"href":"https:\/\/www.radiomoradebre.cat\/wp\/wp-json\/wp\/v2\/posts\/17190\/revisions\/17193"}],"wp:attachment":[{"href":"https:\/\/www.radiomoradebre.cat\/wp\/wp-json\/wp\/v2\/media?parent=17190"}],"wp:term":[{"taxonomy":"category","embeddable":true,"href":"https:\/\/www.radiomoradebre.cat\/wp\/wp-json\/wp\/v2\/categories?post=17190"},{"taxonomy":"post_tag","embeddable":true,"href":"https:\/\/www.radiomoradebre.cat\/wp\/wp-json\/wp\/v2\/tags?post=17190"}],"curies":[{"name":"wp","href":"https:\/\/api.w.org\/{rel}","templated":true}]}}