
{"id":16988,"date":"2015-08-06T10:45:36","date_gmt":"2015-08-06T08:45:36","guid":{"rendered":"http:\/\/radiomoradebre.cat\/wp\/?p=16988"},"modified":"2015-08-06T10:45:36","modified_gmt":"2015-08-06T08:45:36","slug":"primera-figot-swimming-race","status":"publish","type":"post","link":"https:\/\/www.radiomoradebre.cat\/wp\/2015\/08\/06\/primera-figot-swimming-race\/","title":{"rendered":"Primera Figot Swimming Race."},"content":{"rendered":"<p><em><b><span lang=\"CA\">Riba-roja d\u2019Ebre organitza la primera cursa local de nataci\u00f3 en aig\u00fces obertes pel riu Ebre. La Figot Swimming Race tindr\u00e0 lloc el 25 d\u2019agots coincidint amb la festa del riu de la festa major del municipi.<\/span><\/b><\/em><\/p>\n<p>ADRIANA MONCL\u00daS<\/p>\n<p><a href=\"http:\/\/radiomoradebre.cat\/wp\/wp-content\/uploads\/2015\/08\/CRO-6-8-15-FIGOT-SWIMMING-RACE-RIBA-ROJA.mp3\">CRO 6-8-15 FIGOT SWIMMING RACE RIBA-ROJA<\/a><\/p>\n<p>Inscripcions a:\u00a0http:\/\/figot-swimmingrace.blogspot.com.es, abans del 20 d\u2019agost.<\/p>\n<p><a href=\"http:\/\/radiomoradebre.cat\/wp\/wp-content\/uploads\/2015\/08\/CARTELL-FIGOT-SWIMMING-RACE.jpg\"><img loading=\"lazy\" decoding=\"async\" class=\"aligncenter size-medium wp-image-16989\" src=\"http:\/\/radiomoradebre.cat\/wp\/wp-content\/uploads\/2015\/08\/CARTELL-FIGOT-SWIMMING-RACE-212x300.jpg\" alt=\"CARTELL FIGOT SWIMMING RACE\" width=\"212\" height=\"300\" srcset=\"https:\/\/www.radiomoradebre.cat\/wp\/wp-content\/uploads\/2015\/08\/CARTELL-FIGOT-SWIMMING-RACE-212x300.jpg 212w, https:\/\/www.radiomoradebre.cat\/wp\/wp-content\/uploads\/2015\/08\/CARTELL-FIGOT-SWIMMING-RACE.jpg 545w\" sizes=\"auto, (max-width: 212px) 100vw, 212px\" \/><\/a><\/p>\n","protected":false},"excerpt":{"rendered":"<p>Riba-roja d\u2019Ebre organitza la primera cursa local de nataci\u00f3 en aig\u00fces obertes pel riu Ebre. La Figot Swimming Race tindr\u00e0 lloc el 25 d\u2019agots coincidint amb la festa del riu de la festa major del municipi. ADRIANA MONCL\u00daS CRO 6-8-15 &hellip; <a href=\"https:\/\/www.radiomoradebre.cat\/wp\/2015\/08\/06\/primera-figot-swimming-race\/\">Continue reading <span class=\"meta-nav\">&rarr;<\/span><\/a><\/p>\n","protected":false},"author":3,"featured_media":0,"comment_status":"closed","ping_status":"open","sticky":false,"template":"","format":"standard","meta":{"footnotes":""},"categories":[2],"tags":[1245,65,5268,5267,4322,5266,1574,74,75,64],"class_list":["post-16988","post","type-post","status-publish","format-standard","hentry","category-noticies","tag-cursa","tag-ebre","tag-federacio-catalana-de-natacio","tag-figot","tag-figot-race","tag-figot-swimming-race","tag-natacio","tag-riba-roja","tag-riba-roja-debre","tag-riu"],"_links":{"self":[{"href":"https:\/\/www.radiomoradebre.cat\/wp\/wp-json\/wp\/v2\/posts\/16988","targetHints":{"allow":["GET"]}}],"collection":[{"href":"https:\/\/www.radiomoradebre.cat\/wp\/wp-json\/wp\/v2\/posts"}],"about":[{"href":"https:\/\/www.radiomoradebre.cat\/wp\/wp-json\/wp\/v2\/types\/post"}],"author":[{"embeddable":true,"href":"https:\/\/www.radiomoradebre.cat\/wp\/wp-json\/wp\/v2\/users\/3"}],"replies":[{"embeddable":true,"href":"https:\/\/www.radiomoradebre.cat\/wp\/wp-json\/wp\/v2\/comments?post=16988"}],"version-history":[{"count":1,"href":"https:\/\/www.radiomoradebre.cat\/wp\/wp-json\/wp\/v2\/posts\/16988\/revisions"}],"predecessor-version":[{"id":16990,"href":"https:\/\/www.radiomoradebre.cat\/wp\/wp-json\/wp\/v2\/posts\/16988\/revisions\/16990"}],"wp:attachment":[{"href":"https:\/\/www.radiomoradebre.cat\/wp\/wp-json\/wp\/v2\/media?parent=16988"}],"wp:term":[{"taxonomy":"category","embeddable":true,"href":"https:\/\/www.radiomoradebre.cat\/wp\/wp-json\/wp\/v2\/categories?post=16988"},{"taxonomy":"post_tag","embeddable":true,"href":"https:\/\/www.radiomoradebre.cat\/wp\/wp-json\/wp\/v2\/tags?post=16988"}],"curies":[{"name":"wp","href":"https:\/\/api.w.org\/{rel}","templated":true}]}}