
{"id":16528,"date":"2015-07-10T11:14:14","date_gmt":"2015-07-10T09:14:14","guid":{"rendered":"http:\/\/radiomoradebre.cat\/wp\/?p=16528"},"modified":"2015-07-10T11:14:14","modified_gmt":"2015-07-10T09:14:14","slug":"xeic-i-els-catarres-protagonistes-del-mirarock-aquest-dissabte","status":"publish","type":"post","link":"https:\/\/www.radiomoradebre.cat\/wp\/2015\/07\/10\/xeic-i-els-catarres-protagonistes-del-mirarock-aquest-dissabte\/","title":{"rendered":"Xeic! i Els Catarres, protagonistes del MiraRock aquest dissabte"},"content":{"rendered":"<p><em><strong>La tercera edici\u00f3 del Mirarock se celebra aquest dissabte 11 de juliol al Castell de Miravet, amb un cartell de primera l\u00ednia format per Els Catarres, Xeic!, Segonam\u00e0 i Paul Luard.<\/strong><\/em><\/p>\n<p>ANDREU PRUNERA<\/p>\n<p><a href=\"http:\/\/radiomoradebre.cat\/wp\/wp-content\/uploads\/2015\/07\/CRO-10-07-15-xeic-i-catarres.mp3\">CRO 10-07-15 xeic i catarres<\/a><\/p>\n<p><a href=\"http:\/\/radiomoradebre.cat\/wp\/wp-content\/uploads\/2015\/07\/11337010_428908033936361_331166957597724353_o.jpg\"><img loading=\"lazy\" decoding=\"async\" class=\"aligncenter size-medium wp-image-16530\" src=\"http:\/\/radiomoradebre.cat\/wp\/wp-content\/uploads\/2015\/07\/11337010_428908033936361_331166957597724353_o-212x300.jpg\" alt=\"11337010_428908033936361_331166957597724353_o\" width=\"212\" height=\"300\" srcset=\"https:\/\/www.radiomoradebre.cat\/wp\/wp-content\/uploads\/2015\/07\/11337010_428908033936361_331166957597724353_o-212x300.jpg 212w, https:\/\/www.radiomoradebre.cat\/wp\/wp-content\/uploads\/2015\/07\/11337010_428908033936361_331166957597724353_o-725x1024.jpg 725w, https:\/\/www.radiomoradebre.cat\/wp\/wp-content\/uploads\/2015\/07\/11337010_428908033936361_331166957597724353_o.jpg 1316w\" sizes=\"auto, (max-width: 212px) 100vw, 212px\" \/><\/a><\/p>\n","protected":false},"excerpt":{"rendered":"<p>La tercera edici\u00f3 del Mirarock se celebra aquest dissabte 11 de juliol al Castell de Miravet, amb un cartell de primera l\u00ednia format per Els Catarres, Xeic!, Segonam\u00e0 i Paul Luard. ANDREU PRUNERA CRO 10-07-15 xeic i catarres<\/p>\n","protected":false},"author":3,"featured_media":0,"comment_status":"closed","ping_status":"open","sticky":false,"template":"","format":"standard","meta":{"footnotes":""},"categories":[2],"tags":[3905,1397,1296,5062,147,971,2751],"class_list":["post-16528","post","type-post","status-publish","format-standard","hentry","category-noticies","tag-castell-de-miravet","tag-concerts","tag-els-catarres","tag-mirarock","tag-miravet","tag-musica","tag-xeic"],"_links":{"self":[{"href":"https:\/\/www.radiomoradebre.cat\/wp\/wp-json\/wp\/v2\/posts\/16528","targetHints":{"allow":["GET"]}}],"collection":[{"href":"https:\/\/www.radiomoradebre.cat\/wp\/wp-json\/wp\/v2\/posts"}],"about":[{"href":"https:\/\/www.radiomoradebre.cat\/wp\/wp-json\/wp\/v2\/types\/post"}],"author":[{"embeddable":true,"href":"https:\/\/www.radiomoradebre.cat\/wp\/wp-json\/wp\/v2\/users\/3"}],"replies":[{"embeddable":true,"href":"https:\/\/www.radiomoradebre.cat\/wp\/wp-json\/wp\/v2\/comments?post=16528"}],"version-history":[{"count":1,"href":"https:\/\/www.radiomoradebre.cat\/wp\/wp-json\/wp\/v2\/posts\/16528\/revisions"}],"predecessor-version":[{"id":16531,"href":"https:\/\/www.radiomoradebre.cat\/wp\/wp-json\/wp\/v2\/posts\/16528\/revisions\/16531"}],"wp:attachment":[{"href":"https:\/\/www.radiomoradebre.cat\/wp\/wp-json\/wp\/v2\/media?parent=16528"}],"wp:term":[{"taxonomy":"category","embeddable":true,"href":"https:\/\/www.radiomoradebre.cat\/wp\/wp-json\/wp\/v2\/categories?post=16528"},{"taxonomy":"post_tag","embeddable":true,"href":"https:\/\/www.radiomoradebre.cat\/wp\/wp-json\/wp\/v2\/tags?post=16528"}],"curies":[{"name":"wp","href":"https:\/\/api.w.org\/{rel}","templated":true}]}}