
{"id":16337,"date":"2015-07-02T11:21:23","date_gmt":"2015-07-02T09:21:23","guid":{"rendered":"http:\/\/radiomoradebre.cat\/wp\/?p=16337"},"modified":"2015-07-02T11:21:23","modified_gmt":"2015-07-02T09:21:23","slug":"el-rally-catalunya-costa-daurada-tindra-un-tram-entre-mora-debre-i-asco","status":"publish","type":"post","link":"https:\/\/www.radiomoradebre.cat\/wp\/2015\/07\/02\/el-rally-catalunya-costa-daurada-tindra-un-tram-entre-mora-debre-i-asco\/","title":{"rendered":"El rally Catalunya Costa Daurada tindr\u00e0 un tram entre M\u00f3ra d&#8217;Ebre i Asc\u00f3"},"content":{"rendered":"<p><em><strong>El rally Catalunya Costa Daurada inclour\u00e0 per primer any, un recorregut per cam\u00ed entre M\u00f3ra d&#8217;Ebre i Asc\u00f3. La prova ser\u00e0 puntuable pel campionat del m\u00f3n i arribar\u00e0 a la Ribera d&#8217;Ebre i tamb\u00e9 a la Terra Alta el divendres 23 d&#8217;octubre.<\/strong><\/em><\/p>\n<p>ANDREU PRUNERA<\/p>\n<p><a href=\"http:\/\/radiomoradebre.cat\/wp\/wp-content\/uploads\/2015\/07\/CRO-02-07-15-rally.mp3\">CRO 02-07-15 rally<\/a><\/p>\n<p><a href=\"http:\/\/radiomoradebre.cat\/wp\/wp-content\/uploads\/2015\/07\/IMG_2620.jpg\"><img loading=\"lazy\" decoding=\"async\" class=\"aligncenter size-medium wp-image-16339\" src=\"http:\/\/radiomoradebre.cat\/wp\/wp-content\/uploads\/2015\/07\/IMG_2620-300x225.jpg\" alt=\"IMG_2620\" width=\"300\" height=\"225\" srcset=\"https:\/\/www.radiomoradebre.cat\/wp\/wp-content\/uploads\/2015\/07\/IMG_2620-300x225.jpg 300w, https:\/\/www.radiomoradebre.cat\/wp\/wp-content\/uploads\/2015\/07\/IMG_2620-1024x768.jpg 1024w\" sizes=\"auto, (max-width: 300px) 100vw, 300px\" \/><\/a><\/p>\n<p>&nbsp;<\/p>\n","protected":false},"excerpt":{"rendered":"<p>El rally Catalunya Costa Daurada inclour\u00e0 per primer any, un recorregut per cam\u00ed entre M\u00f3ra d&#8217;Ebre i Asc\u00f3. La prova ser\u00e0 puntuable pel campionat del m\u00f3n i arribar\u00e0 a la Ribera d&#8217;Ebre i tamb\u00e9 a la Terra Alta el divendres &hellip; <a href=\"https:\/\/www.radiomoradebre.cat\/wp\/2015\/07\/02\/el-rally-catalunya-costa-daurada-tindra-un-tram-entre-mora-debre-i-asco\/\">Continue reading <span class=\"meta-nav\">&rarr;<\/span><\/a><\/p>\n","protected":false},"author":3,"featured_media":0,"comment_status":"closed","ping_status":"open","sticky":false,"template":"","format":"standard","meta":{"footnotes":""},"categories":[2],"tags":[69,32,1211,190,1060,197,185,2781,57,3290,96,26],"class_list":["post-16337","post","type-post","status-publish","format-standard","hentry","category-noticies","tag-asco","tag-bot","tag-caseres","tag-diputacio-de-tarragona","tag-esports","tag-gandesa","tag-joan-pinol","tag-josep-poblet","tag-mora-debre","tag-rally","tag-ribera-debre","tag-terra-alta"],"_links":{"self":[{"href":"https:\/\/www.radiomoradebre.cat\/wp\/wp-json\/wp\/v2\/posts\/16337","targetHints":{"allow":["GET"]}}],"collection":[{"href":"https:\/\/www.radiomoradebre.cat\/wp\/wp-json\/wp\/v2\/posts"}],"about":[{"href":"https:\/\/www.radiomoradebre.cat\/wp\/wp-json\/wp\/v2\/types\/post"}],"author":[{"embeddable":true,"href":"https:\/\/www.radiomoradebre.cat\/wp\/wp-json\/wp\/v2\/users\/3"}],"replies":[{"embeddable":true,"href":"https:\/\/www.radiomoradebre.cat\/wp\/wp-json\/wp\/v2\/comments?post=16337"}],"version-history":[{"count":1,"href":"https:\/\/www.radiomoradebre.cat\/wp\/wp-json\/wp\/v2\/posts\/16337\/revisions"}],"predecessor-version":[{"id":16340,"href":"https:\/\/www.radiomoradebre.cat\/wp\/wp-json\/wp\/v2\/posts\/16337\/revisions\/16340"}],"wp:attachment":[{"href":"https:\/\/www.radiomoradebre.cat\/wp\/wp-json\/wp\/v2\/media?parent=16337"}],"wp:term":[{"taxonomy":"category","embeddable":true,"href":"https:\/\/www.radiomoradebre.cat\/wp\/wp-json\/wp\/v2\/categories?post=16337"},{"taxonomy":"post_tag","embeddable":true,"href":"https:\/\/www.radiomoradebre.cat\/wp\/wp-json\/wp\/v2\/tags?post=16337"}],"curies":[{"name":"wp","href":"https:\/\/api.w.org\/{rel}","templated":true}]}}