
{"id":16311,"date":"2015-07-01T11:05:46","date_gmt":"2015-07-01T09:05:46","guid":{"rendered":"http:\/\/radiomoradebre.cat\/wp\/?p=16311"},"modified":"2015-07-01T11:05:46","modified_gmt":"2015-07-01T09:05:46","slug":"el-priorat-designat-com-a-regio-vinicola-de-referencia-per-un-club-denolegs-de-suecia-i-finlandia","status":"publish","type":"post","link":"https:\/\/www.radiomoradebre.cat\/wp\/2015\/07\/01\/el-priorat-designat-com-a-regio-vinicola-de-referencia-per-un-club-denolegs-de-suecia-i-finlandia\/","title":{"rendered":"El Priorat, designat com a regi\u00f3 vin\u00edcola de refer\u00e8ncia per un club d&#8217;en\u00f2legs de Su\u00e8cia i Finl\u00e0ndia"},"content":{"rendered":"<p><em><strong>El selecte grup de viticultors Munskankara de Su\u00e8cia i Finl\u00e0ndia ha designat el Priorat com a zona vitivin\u00edcola del 2016. Amb aquesta distinci\u00f3, tant la DO Montsant com la DOQ Priorat esperen augmentar les exportacions en aquests mercats i tamb\u00e9 rebre m\u00e9s visitants provinents dels pa\u00efsos n\u00f2rdics.<\/strong><\/em><\/p>\n<p>ANDREU PRUNERA<\/p>\n<p><a href=\"http:\/\/radiomoradebre.cat\/wp\/wp-content\/uploads\/2015\/07\/CRO-01-07-15-munskankara.mp3\">CRO 01-07-15 munskankara<\/a><\/p>\n<p><a href=\"http:\/\/radiomoradebre.cat\/wp\/wp-content\/uploads\/2015\/07\/Priorat.jpg\"><img loading=\"lazy\" decoding=\"async\" class=\"aligncenter size-medium wp-image-16313\" src=\"http:\/\/radiomoradebre.cat\/wp\/wp-content\/uploads\/2015\/07\/Priorat-300x199.jpg\" alt=\"Priorat\" width=\"300\" height=\"199\" srcset=\"https:\/\/www.radiomoradebre.cat\/wp\/wp-content\/uploads\/2015\/07\/Priorat-300x199.jpg 300w, https:\/\/www.radiomoradebre.cat\/wp\/wp-content\/uploads\/2015\/07\/Priorat.jpg 320w\" sizes=\"auto, (max-width: 300px) 100vw, 300px\" \/><\/a><\/p>\n","protected":false},"excerpt":{"rendered":"<p>El selecte grup de viticultors Munskankara de Su\u00e8cia i Finl\u00e0ndia ha designat el Priorat com a zona vitivin\u00edcola del 2016. Amb aquesta distinci\u00f3, tant la DO Montsant com la DOQ Priorat esperen augmentar les exportacions en aquests mercats i tamb\u00e9 &hellip; <a href=\"https:\/\/www.radiomoradebre.cat\/wp\/2015\/07\/01\/el-priorat-designat-com-a-regio-vinicola-de-referencia-per-un-club-denolegs-de-suecia-i-finlandia\/\">Continue reading <span class=\"meta-nav\">&rarr;<\/span><\/a><\/p>\n","protected":false},"author":3,"featured_media":0,"comment_status":"closed","ping_status":"open","sticky":false,"template":"","format":"standard","meta":{"footnotes":""},"categories":[2],"tags":[173,553,945,659,4996,4891,4997,178],"class_list":["post-16311","post","type-post","status-publish","format-standard","hentry","category-noticies","tag-do-montsant","tag-doq-priorat","tag-enologia","tag-exportacio","tag-finlandia","tag-pilar-just","tag-suecia","tag-vins"],"_links":{"self":[{"href":"https:\/\/www.radiomoradebre.cat\/wp\/wp-json\/wp\/v2\/posts\/16311","targetHints":{"allow":["GET"]}}],"collection":[{"href":"https:\/\/www.radiomoradebre.cat\/wp\/wp-json\/wp\/v2\/posts"}],"about":[{"href":"https:\/\/www.radiomoradebre.cat\/wp\/wp-json\/wp\/v2\/types\/post"}],"author":[{"embeddable":true,"href":"https:\/\/www.radiomoradebre.cat\/wp\/wp-json\/wp\/v2\/users\/3"}],"replies":[{"embeddable":true,"href":"https:\/\/www.radiomoradebre.cat\/wp\/wp-json\/wp\/v2\/comments?post=16311"}],"version-history":[{"count":1,"href":"https:\/\/www.radiomoradebre.cat\/wp\/wp-json\/wp\/v2\/posts\/16311\/revisions"}],"predecessor-version":[{"id":16314,"href":"https:\/\/www.radiomoradebre.cat\/wp\/wp-json\/wp\/v2\/posts\/16311\/revisions\/16314"}],"wp:attachment":[{"href":"https:\/\/www.radiomoradebre.cat\/wp\/wp-json\/wp\/v2\/media?parent=16311"}],"wp:term":[{"taxonomy":"category","embeddable":true,"href":"https:\/\/www.radiomoradebre.cat\/wp\/wp-json\/wp\/v2\/categories?post=16311"},{"taxonomy":"post_tag","embeddable":true,"href":"https:\/\/www.radiomoradebre.cat\/wp\/wp-json\/wp\/v2\/tags?post=16311"}],"curies":[{"name":"wp","href":"https:\/\/api.w.org\/{rel}","templated":true}]}}