
{"id":1600,"date":"2013-04-21T22:00:26","date_gmt":"2013-04-21T20:00:26","guid":{"rendered":"http:\/\/radiomoradebre.cat\/wp\/?p=1600"},"modified":"2013-05-14T11:34:30","modified_gmt":"2013-05-14T09:34:30","slug":"dins-lestadi-21-04-13-pgm-132","status":"publish","type":"post","link":"https:\/\/www.radiomoradebre.cat\/wp\/2013\/04\/21\/dins-lestadi-21-04-13-pgm-132\/","title":{"rendered":"Dins l&#8217;Estadi 21-04-13 PGM 132"},"content":{"rendered":"<p>Tot el rep\u00e0s a la jornada esportiva del cap de setmana. Primera, Segona, Tercera i Quarta Catalana. Futbolistes Ebrencs al M\u00f3n i la cr\u00f2nica poliesportiva. Amb la companyia del capit\u00e0 dels At.M\u00f3ra la Nova, Mag\u00ed Andreu.<\/p>\n<p><a href=\"http:\/\/radiomoradebre.cat\/wp\/wp-content\/uploads\/2013\/04\/dinslestadi-21-4-13-PGM132.mp3\">dinslestadi-21-4-13-PGM132<\/a><\/p>\n<p><a href=\"http:\/\/radiomoradebre.cat\/wp\/wp-content\/uploads\/2013\/04\/2013-04-21-23.57.10.jpg\"><img loading=\"lazy\" decoding=\"async\" class=\"size-medium wp-image-1601 aligncenter\" alt=\"2013-04-21 23.57.10\" src=\"http:\/\/radiomoradebre.cat\/wp\/wp-content\/uploads\/2013\/04\/2013-04-21-23.57.10-300x225.jpg\" width=\"300\" height=\"225\" srcset=\"https:\/\/www.radiomoradebre.cat\/wp\/wp-content\/uploads\/2013\/04\/2013-04-21-23.57.10-300x225.jpg 300w, https:\/\/www.radiomoradebre.cat\/wp\/wp-content\/uploads\/2013\/04\/2013-04-21-23.57.10-1024x768.jpg 1024w\" sizes=\"auto, (max-width: 300px) 100vw, 300px\" \/><\/a><\/p>\n","protected":false},"excerpt":{"rendered":"<p>Tot el rep\u00e0s a la jornada esportiva del cap de setmana. Primera, Segona, Tercera i Quarta Catalana. Futbolistes Ebrencs al M\u00f3n i la cr\u00f2nica poliesportiva. Amb la companyia del capit\u00e0 dels At.M\u00f3ra la Nova, Mag\u00ed Andreu. dinslestadi-21-4-13-PGM132<\/p>\n","protected":false},"author":3,"featured_media":0,"comment_status":"closed","ping_status":"open","sticky":false,"template":"","format":"standard","meta":{"footnotes":""},"categories":[9],"tags":[854,127,128,129,233,853,234],"class_list":["post-1600","post","type-post","status-publish","format-standard","hentry","category-dinsestadi","tag-at-mora-la-nova","tag-dins-lestadi","tag-eduard-pino","tag-genis-pena","tag-jordi-salayet","tag-magi-andreu","tag-xavi-salvado"],"_links":{"self":[{"href":"https:\/\/www.radiomoradebre.cat\/wp\/wp-json\/wp\/v2\/posts\/1600","targetHints":{"allow":["GET"]}}],"collection":[{"href":"https:\/\/www.radiomoradebre.cat\/wp\/wp-json\/wp\/v2\/posts"}],"about":[{"href":"https:\/\/www.radiomoradebre.cat\/wp\/wp-json\/wp\/v2\/types\/post"}],"author":[{"embeddable":true,"href":"https:\/\/www.radiomoradebre.cat\/wp\/wp-json\/wp\/v2\/users\/3"}],"replies":[{"embeddable":true,"href":"https:\/\/www.radiomoradebre.cat\/wp\/wp-json\/wp\/v2\/comments?post=1600"}],"version-history":[{"count":2,"href":"https:\/\/www.radiomoradebre.cat\/wp\/wp-json\/wp\/v2\/posts\/1600\/revisions"}],"predecessor-version":[{"id":2078,"href":"https:\/\/www.radiomoradebre.cat\/wp\/wp-json\/wp\/v2\/posts\/1600\/revisions\/2078"}],"wp:attachment":[{"href":"https:\/\/www.radiomoradebre.cat\/wp\/wp-json\/wp\/v2\/media?parent=1600"}],"wp:term":[{"taxonomy":"category","embeddable":true,"href":"https:\/\/www.radiomoradebre.cat\/wp\/wp-json\/wp\/v2\/categories?post=1600"},{"taxonomy":"post_tag","embeddable":true,"href":"https:\/\/www.radiomoradebre.cat\/wp\/wp-json\/wp\/v2\/tags?post=1600"}],"curies":[{"name":"wp","href":"https:\/\/api.w.org\/{rel}","templated":true}]}}