
{"id":15874,"date":"2015-06-11T11:39:12","date_gmt":"2015-06-11T09:39:12","guid":{"rendered":"http:\/\/radiomoradebre.cat\/wp\/?p=15874"},"modified":"2015-06-11T11:39:12","modified_gmt":"2015-06-11T09:39:12","slug":"torna-la-fira-del-cacador-de-mora-debre","status":"publish","type":"post","link":"https:\/\/www.radiomoradebre.cat\/wp\/2015\/06\/11\/torna-la-fira-del-cacador-de-mora-debre\/","title":{"rendered":"Torna la fira del ca\u00e7ador de M\u00f3ra d&#8217;Ebre"},"content":{"rendered":"<p><em><strong>La fira del ca\u00e7ador de M\u00f3ra d&#8217;Ebre celebra aquest cap de setmana la seua 27a edici\u00f3. Enguany, la fira tindr\u00e0 lloc al nou espai de l&#8217;illa de Saur\u00ed a causa de les obres que s&#8217;estan duent a terme al passeig del Pont. Est\u00e0 previst que hi hagi una quarantena d&#8217;expositors i exhibicions de vehicles 4&#215;4 i de gossos de ca\u00e7a.<\/strong><\/em><\/p>\n<p>ANDREU PRUNERA<\/p>\n<p><a href=\"http:\/\/radiomoradebre.cat\/wp\/wp-content\/uploads\/2015\/06\/CRO-11-06-15-cazafir.mp3\">CRO 11-06-15 cazafir<\/a><\/p>\n<p><a href=\"http:\/\/radiomoradebre.cat\/wp\/wp-content\/uploads\/2015\/06\/CAZAFIR-20152.jpg\"><img loading=\"lazy\" decoding=\"async\" class=\"aligncenter size-medium wp-image-15876\" src=\"http:\/\/radiomoradebre.cat\/wp\/wp-content\/uploads\/2015\/06\/CAZAFIR-20152-206x300.jpg\" alt=\"CAZAFIR-20152\" width=\"206\" height=\"300\" srcset=\"https:\/\/www.radiomoradebre.cat\/wp\/wp-content\/uploads\/2015\/06\/CAZAFIR-20152-206x300.jpg 206w, https:\/\/www.radiomoradebre.cat\/wp\/wp-content\/uploads\/2015\/06\/CAZAFIR-20152-704x1024.jpg 704w, https:\/\/www.radiomoradebre.cat\/wp\/wp-content\/uploads\/2015\/06\/CAZAFIR-20152.jpg 1247w\" sizes=\"auto, (max-width: 206px) 100vw, 206px\" \/><\/a><\/p>\n","protected":false},"excerpt":{"rendered":"<p>La fira del ca\u00e7ador de M\u00f3ra d&#8217;Ebre celebra aquest cap de setmana la seua 27a edici\u00f3. Enguany, la fira tindr\u00e0 lloc al nou espai de l&#8217;illa de Saur\u00ed a causa de les obres que s&#8217;estan duent a terme al passeig &hellip; <a href=\"https:\/\/www.radiomoradebre.cat\/wp\/2015\/06\/11\/torna-la-fira-del-cacador-de-mora-debre\/\">Continue reading <span class=\"meta-nav\">&rarr;<\/span><\/a><\/p>\n","protected":false},"author":3,"featured_media":0,"comment_status":"closed","ping_status":"open","sticky":false,"template":"","format":"standard","meta":{"footnotes":""},"categories":[2],"tags":[1678,2782,1541,1683,3599,57],"class_list":["post-15874","post","type-post","status-publish","format-standard","hentry","category-noticies","tag-cazafir","tag-fires","tag-francesc-launes","tag-gossos","tag-illa-de-sauri","tag-mora-debre"],"_links":{"self":[{"href":"https:\/\/www.radiomoradebre.cat\/wp\/wp-json\/wp\/v2\/posts\/15874","targetHints":{"allow":["GET"]}}],"collection":[{"href":"https:\/\/www.radiomoradebre.cat\/wp\/wp-json\/wp\/v2\/posts"}],"about":[{"href":"https:\/\/www.radiomoradebre.cat\/wp\/wp-json\/wp\/v2\/types\/post"}],"author":[{"embeddable":true,"href":"https:\/\/www.radiomoradebre.cat\/wp\/wp-json\/wp\/v2\/users\/3"}],"replies":[{"embeddable":true,"href":"https:\/\/www.radiomoradebre.cat\/wp\/wp-json\/wp\/v2\/comments?post=15874"}],"version-history":[{"count":1,"href":"https:\/\/www.radiomoradebre.cat\/wp\/wp-json\/wp\/v2\/posts\/15874\/revisions"}],"predecessor-version":[{"id":15877,"href":"https:\/\/www.radiomoradebre.cat\/wp\/wp-json\/wp\/v2\/posts\/15874\/revisions\/15877"}],"wp:attachment":[{"href":"https:\/\/www.radiomoradebre.cat\/wp\/wp-json\/wp\/v2\/media?parent=15874"}],"wp:term":[{"taxonomy":"category","embeddable":true,"href":"https:\/\/www.radiomoradebre.cat\/wp\/wp-json\/wp\/v2\/categories?post=15874"},{"taxonomy":"post_tag","embeddable":true,"href":"https:\/\/www.radiomoradebre.cat\/wp\/wp-json\/wp\/v2\/tags?post=15874"}],"curies":[{"name":"wp","href":"https:\/\/api.w.org\/{rel}","templated":true}]}}