
{"id":15823,"date":"2015-06-09T12:25:06","date_gmt":"2015-06-09T10:25:06","guid":{"rendered":"http:\/\/radiomoradebre.cat\/wp\/?p=15823"},"modified":"2015-06-09T12:25:06","modified_gmt":"2015-06-09T10:25:06","slug":"la-fic-desequilibrara-la-balanca-al-consell-comarcal-de-la-ribera-debre","status":"publish","type":"post","link":"https:\/\/www.radiomoradebre.cat\/wp\/2015\/06\/09\/la-fic-desequilibrara-la-balanca-al-consell-comarcal-de-la-ribera-debre\/","title":{"rendered":"La FIC desequilibrar\u00e0 la balan\u00e7a al Consell Comarcal de la Ribera d&#8217;Ebre"},"content":{"rendered":"<p><em><strong>La Federaci\u00f3 d\u2019Independents de Catalunya t\u00e9 la clau de govern al Consell Comarcal de la Ribera d\u2019Ebre. Segons ha pogut saber R\u00e0dio M\u00f3ra d\u2019Ebre, el PSC donar\u00e0 suport a Esquerra Republicana i ser\u00e0 la FIC qui decidir\u00e0, aquesta setmana, si decanta la balan\u00e7a a favor de Converg\u00e8ncia i Uni\u00f3 o forma un nou tripartit amb socialistes i republicans.<\/strong><\/em><\/p>\n<p>ANDREU PRUNERA<\/p>\n<p><a href=\"http:\/\/radiomoradebre.cat\/wp\/wp-content\/uploads\/2015\/06\/CRO-09-06-15-pacte-ccre.mp3\">CRO 09-06-15 pacte ccre<\/a><\/p>\n<p><a href=\"http:\/\/radiomoradebre.cat\/wp\/wp-content\/uploads\/2015\/06\/Buixadera-Asco.png\"><img loading=\"lazy\" decoding=\"async\" class=\"aligncenter size-medium wp-image-15732\" src=\"http:\/\/radiomoradebre.cat\/wp\/wp-content\/uploads\/2015\/06\/Buixadera-Asco-300x185.png\" alt=\"Buixadera - Asco\" width=\"300\" height=\"185\" srcset=\"https:\/\/www.radiomoradebre.cat\/wp\/wp-content\/uploads\/2015\/06\/Buixadera-Asco-300x185.png 300w, https:\/\/www.radiomoradebre.cat\/wp\/wp-content\/uploads\/2015\/06\/Buixadera-Asco.png 1008w\" sizes=\"auto, (max-width: 300px) 100vw, 300px\" \/><\/a><\/p>\n","protected":false},"excerpt":{"rendered":"<p>La Federaci\u00f3 d\u2019Independents de Catalunya t\u00e9 la clau de govern al Consell Comarcal de la Ribera d\u2019Ebre. Segons ha pogut saber R\u00e0dio M\u00f3ra d\u2019Ebre, el PSC donar\u00e0 suport a Esquerra Republicana i ser\u00e0 la FIC qui decidir\u00e0, aquesta setmana, si &hellip; <a href=\"https:\/\/www.radiomoradebre.cat\/wp\/2015\/06\/09\/la-fic-desequilibrara-la-balanca-al-consell-comarcal-de-la-ribera-debre\/\">Continue reading <span class=\"meta-nav\">&rarr;<\/span><\/a><\/p>\n","protected":false},"author":3,"featured_media":0,"comment_status":"closed","ping_status":"open","sticky":false,"template":"","format":"standard","meta":{"footnotes":""},"categories":[2],"tags":[53,4195,4202,4851,4793,96],"class_list":["post-15823","post","type-post","status-publish","format-standard","hentry","category-noticies","tag-consell-comarcal-de-la-ribera-debre","tag-eleccions-municipals","tag-federacio-dindependents-de-catalunya","tag-fic","tag-josep-maria-buixeda","tag-ribera-debre"],"_links":{"self":[{"href":"https:\/\/www.radiomoradebre.cat\/wp\/wp-json\/wp\/v2\/posts\/15823","targetHints":{"allow":["GET"]}}],"collection":[{"href":"https:\/\/www.radiomoradebre.cat\/wp\/wp-json\/wp\/v2\/posts"}],"about":[{"href":"https:\/\/www.radiomoradebre.cat\/wp\/wp-json\/wp\/v2\/types\/post"}],"author":[{"embeddable":true,"href":"https:\/\/www.radiomoradebre.cat\/wp\/wp-json\/wp\/v2\/users\/3"}],"replies":[{"embeddable":true,"href":"https:\/\/www.radiomoradebre.cat\/wp\/wp-json\/wp\/v2\/comments?post=15823"}],"version-history":[{"count":1,"href":"https:\/\/www.radiomoradebre.cat\/wp\/wp-json\/wp\/v2\/posts\/15823\/revisions"}],"predecessor-version":[{"id":15825,"href":"https:\/\/www.radiomoradebre.cat\/wp\/wp-json\/wp\/v2\/posts\/15823\/revisions\/15825"}],"wp:attachment":[{"href":"https:\/\/www.radiomoradebre.cat\/wp\/wp-json\/wp\/v2\/media?parent=15823"}],"wp:term":[{"taxonomy":"category","embeddable":true,"href":"https:\/\/www.radiomoradebre.cat\/wp\/wp-json\/wp\/v2\/categories?post=15823"},{"taxonomy":"post_tag","embeddable":true,"href":"https:\/\/www.radiomoradebre.cat\/wp\/wp-json\/wp\/v2\/tags?post=15823"}],"curies":[{"name":"wp","href":"https:\/\/api.w.org\/{rel}","templated":true}]}}