
{"id":15600,"date":"2015-05-29T15:40:49","date_gmt":"2015-05-29T13:40:49","guid":{"rendered":"http:\/\/radiomoradebre.cat\/wp\/?p=15600"},"modified":"2015-05-29T15:40:49","modified_gmt":"2015-05-29T13:40:49","slug":"entrevista-rosa-descarrega-antena-del-coneixement-urv-29-5-15","status":"publish","type":"post","link":"https:\/\/www.radiomoradebre.cat\/wp\/2015\/05\/29\/entrevista-rosa-descarrega-antena-del-coneixement-urv-29-5-15\/","title":{"rendered":"Entrevista Rosa Descarrega Antena del Coneixement URV (29-5-15)"},"content":{"rendered":"<p>HORA M\u00d3RA D&#8217;EBRE. Avui ens ha visitat la Rosa Descarrega, responsable de l&#8217;Antena del Coneixement de la URV a M\u00f3ra d&#8217;Ebre per parlar-nos del curs de tast de vins que comen\u00e7a la setmana vinent, i de l&#8217;oferta de la Universitat d&#8217;Estiu.<\/p>\n<p><a href=\"http:\/\/radiomoradebre.cat\/wp\/wp-content\/uploads\/2015\/05\/ENTREVISTA-ROSA-DESCARREGA-29-5-15-ANTENA-CONEIXEMENT-URV-I-UNIV-ESTIU.mp3\">ENTREVISTA ROSA DESCARREGA 29-5-15 ANTENA CONEIXEMENT URV I UNIV ESTIU<\/a><\/p>\n<p><a href=\"http:\/\/radiomoradebre.cat\/wp\/wp-content\/uploads\/2015\/05\/taller-de-tast.jpg\"><img loading=\"lazy\" decoding=\"async\" class=\"aligncenter size-medium wp-image-15601\" src=\"http:\/\/radiomoradebre.cat\/wp\/wp-content\/uploads\/2015\/05\/taller-de-tast-212x300.jpg\" alt=\"taller de tast\" width=\"212\" height=\"300\" srcset=\"https:\/\/www.radiomoradebre.cat\/wp\/wp-content\/uploads\/2015\/05\/taller-de-tast-212x300.jpg 212w, https:\/\/www.radiomoradebre.cat\/wp\/wp-content\/uploads\/2015\/05\/taller-de-tast.jpg 679w\" sizes=\"auto, (max-width: 212px) 100vw, 212px\" \/><\/a><\/p>\n","protected":false},"excerpt":{"rendered":"<p>HORA M\u00d3RA D&#8217;EBRE. Avui ens ha visitat la Rosa Descarrega, responsable de l&#8217;Antena del Coneixement de la URV a M\u00f3ra d&#8217;Ebre per parlar-nos del curs de tast de vins que comen\u00e7a la setmana vinent, i de l&#8217;oferta de la Universitat &hellip; <a href=\"https:\/\/www.radiomoradebre.cat\/wp\/2015\/05\/29\/entrevista-rosa-descarrega-antena-del-coneixement-urv-29-5-15\/\">Continue reading <span class=\"meta-nav\">&rarr;<\/span><\/a><\/p>\n","protected":false},"author":3,"featured_media":0,"comment_status":"closed","ping_status":"open","sticky":false,"template":"","format":"standard","meta":{"footnotes":""},"categories":[12],"tags":[1915,4756,1145,57,4758,1016,1378,4757,337,200],"class_list":["post-15600","post","type-post","status-publish","format-standard","hentry","category-horamoradebre","tag-antena","tag-antena-del-coneixement","tag-estiu","tag-mora-debre","tag-rosa-descarrega","tag-tast","tag-universitat","tag-universitat-destiu","tag-urv","tag-vi"],"_links":{"self":[{"href":"https:\/\/www.radiomoradebre.cat\/wp\/wp-json\/wp\/v2\/posts\/15600","targetHints":{"allow":["GET"]}}],"collection":[{"href":"https:\/\/www.radiomoradebre.cat\/wp\/wp-json\/wp\/v2\/posts"}],"about":[{"href":"https:\/\/www.radiomoradebre.cat\/wp\/wp-json\/wp\/v2\/types\/post"}],"author":[{"embeddable":true,"href":"https:\/\/www.radiomoradebre.cat\/wp\/wp-json\/wp\/v2\/users\/3"}],"replies":[{"embeddable":true,"href":"https:\/\/www.radiomoradebre.cat\/wp\/wp-json\/wp\/v2\/comments?post=15600"}],"version-history":[{"count":1,"href":"https:\/\/www.radiomoradebre.cat\/wp\/wp-json\/wp\/v2\/posts\/15600\/revisions"}],"predecessor-version":[{"id":15602,"href":"https:\/\/www.radiomoradebre.cat\/wp\/wp-json\/wp\/v2\/posts\/15600\/revisions\/15602"}],"wp:attachment":[{"href":"https:\/\/www.radiomoradebre.cat\/wp\/wp-json\/wp\/v2\/media?parent=15600"}],"wp:term":[{"taxonomy":"category","embeddable":true,"href":"https:\/\/www.radiomoradebre.cat\/wp\/wp-json\/wp\/v2\/categories?post=15600"},{"taxonomy":"post_tag","embeddable":true,"href":"https:\/\/www.radiomoradebre.cat\/wp\/wp-json\/wp\/v2\/tags?post=15600"}],"curies":[{"name":"wp","href":"https:\/\/api.w.org\/{rel}","templated":true}]}}