
{"id":15105,"date":"2015-05-07T14:37:31","date_gmt":"2015-05-07T12:37:31","guid":{"rendered":"http:\/\/radiomoradebre.cat\/wp\/?p=15105"},"modified":"2015-05-07T14:37:41","modified_gmt":"2015-05-07T12:37:41","slug":"una-quinzena-dalumnes-de-lies-flix-participen-conviuen-durant-dos-dies-a-la-residencia-davis","status":"publish","type":"post","link":"https:\/\/www.radiomoradebre.cat\/wp\/2015\/05\/07\/una-quinzena-dalumnes-de-lies-flix-participen-conviuen-durant-dos-dies-a-la-residencia-davis\/","title":{"rendered":"Una quinzena d\u2019alumnes de l\u2019IES Flix conviuen durant dos dies a la resid\u00e8ncia d\u2019avis"},"content":{"rendered":"<p><b>Quinze alumnes de l\u2019Institut de Flix conviuen des d\u2019avui mat\u00ed i fins dem\u00e0 a la tarda a la resid\u00e8ncia d\u2019avis de la localitat. Durant els dos dies, avis i joves compartiran els mateixos espais i efectuaran activitats conjuntes, com pot ser gimn\u00e0stica, jocs, cinema i tamb\u00e9 grups de conversa conjunts.\u00a0Aquest campament intergeneracional, que ja es va duu a terme fa un any, t\u00e9 com a objectiu facilitar la conviv\u00e8ncia i compartir experi\u00e8ncies entre avis i joves.<\/b><\/p>\n<p>ANDREU PRUNERA<\/p>\n<p><a href=\"http:\/\/radiomoradebre.cat\/wp\/wp-content\/uploads\/2015\/05\/CRO-07-05-15-camapment-flix.mp3\">CRO 07-05-15 camapment flix<\/a><\/p>\n<p><a href=\"http:\/\/radiomoradebre.cat\/wp\/wp-content\/uploads\/2015\/05\/AVIS-2-620x350.jpg\"><img loading=\"lazy\" decoding=\"async\" class=\"aligncenter size-medium wp-image-15107\" src=\"http:\/\/radiomoradebre.cat\/wp\/wp-content\/uploads\/2015\/05\/AVIS-2-620x350-300x169.jpg\" alt=\"AVIS-2-620x350\" width=\"300\" height=\"169\" srcset=\"https:\/\/www.radiomoradebre.cat\/wp\/wp-content\/uploads\/2015\/05\/AVIS-2-620x350-300x169.jpg 300w, https:\/\/www.radiomoradebre.cat\/wp\/wp-content\/uploads\/2015\/05\/AVIS-2-620x350.jpg 620w\" sizes=\"auto, (max-width: 300px) 100vw, 300px\" \/><\/a><\/p>\n<p>&nbsp;<\/p>\n","protected":false},"excerpt":{"rendered":"<p>Quinze alumnes de l\u2019Institut de Flix conviuen des d\u2019avui mat\u00ed i fins dem\u00e0 a la tarda a la resid\u00e8ncia d\u2019avis de la localitat. Durant els dos dies, avis i joves compartiran els mateixos espais i efectuaran activitats conjuntes, com pot &hellip; <a href=\"https:\/\/www.radiomoradebre.cat\/wp\/2015\/05\/07\/una-quinzena-dalumnes-de-lies-flix-participen-conviuen-durant-dos-dies-a-la-residencia-davis\/\">Continue reading <span class=\"meta-nav\">&rarr;<\/span><\/a><\/p>\n","protected":false},"author":3,"featured_media":0,"comment_status":"closed","ping_status":"open","sticky":false,"template":"","format":"standard","meta":{"footnotes":""},"categories":[2],"tags":[3038,807,93,3041,3042,2018],"class_list":["post-15105","post","type-post","status-publish","format-standard","hentry","category-noticies","tag-campament","tag-educacio","tag-flix","tag-ies-flix","tag-ingrid-roca","tag-residencia"],"_links":{"self":[{"href":"https:\/\/www.radiomoradebre.cat\/wp\/wp-json\/wp\/v2\/posts\/15105","targetHints":{"allow":["GET"]}}],"collection":[{"href":"https:\/\/www.radiomoradebre.cat\/wp\/wp-json\/wp\/v2\/posts"}],"about":[{"href":"https:\/\/www.radiomoradebre.cat\/wp\/wp-json\/wp\/v2\/types\/post"}],"author":[{"embeddable":true,"href":"https:\/\/www.radiomoradebre.cat\/wp\/wp-json\/wp\/v2\/users\/3"}],"replies":[{"embeddable":true,"href":"https:\/\/www.radiomoradebre.cat\/wp\/wp-json\/wp\/v2\/comments?post=15105"}],"version-history":[{"count":2,"href":"https:\/\/www.radiomoradebre.cat\/wp\/wp-json\/wp\/v2\/posts\/15105\/revisions"}],"predecessor-version":[{"id":15109,"href":"https:\/\/www.radiomoradebre.cat\/wp\/wp-json\/wp\/v2\/posts\/15105\/revisions\/15109"}],"wp:attachment":[{"href":"https:\/\/www.radiomoradebre.cat\/wp\/wp-json\/wp\/v2\/media?parent=15105"}],"wp:term":[{"taxonomy":"category","embeddable":true,"href":"https:\/\/www.radiomoradebre.cat\/wp\/wp-json\/wp\/v2\/categories?post=15105"},{"taxonomy":"post_tag","embeddable":true,"href":"https:\/\/www.radiomoradebre.cat\/wp\/wp-json\/wp\/v2\/tags?post=15105"}],"curies":[{"name":"wp","href":"https:\/\/api.w.org\/{rel}","templated":true}]}}