
{"id":15088,"date":"2015-05-06T14:50:54","date_gmt":"2015-05-06T12:50:54","guid":{"rendered":"http:\/\/radiomoradebre.cat\/wp\/?p=15088"},"modified":"2015-05-06T14:50:54","modified_gmt":"2015-05-06T12:50:54","slug":"entrevista-cinta-agne-erc-am-mora-debre-6-5-15","status":"publish","type":"post","link":"https:\/\/www.radiomoradebre.cat\/wp\/2015\/05\/06\/entrevista-cinta-agne-erc-am-mora-debre-6-5-15\/","title":{"rendered":"Entrevista Cinta Agn\u00e9 ERC-AM M\u00f3ra d&#8217;Ebre (6-5-15)"},"content":{"rendered":"<p>HORA M\u00d3RA D&#8217;EBRE. Avui hem conversat amb Cinta Agn\u00e9, cap de llista del grup d&#8217;ERC-AM de M\u00f3ra d&#8217;Ebre, qui ens ha presentat les propostes del programa electoral per al 24 de maig.<\/p>\n<p><a href=\"http:\/\/radiomoradebre.cat\/wp\/wp-content\/uploads\/2015\/05\/ENTREVISTA-CINTA-AGN\u00c9-6-5-15-ERC-AM-MDE.mp3\">ENTREVISTA CINTA AGN\u00c9 6-5-15 ERC-AM MDE<\/a><\/p>\n<p><a href=\"http:\/\/radiomoradebre.cat\/wp\/wp-content\/uploads\/2015\/05\/CINTA-AGN\u00c9-ERC-AM-MDE-e1430916622129.jpg\"><img loading=\"lazy\" decoding=\"async\" class=\"aligncenter size-medium wp-image-15089\" src=\"http:\/\/radiomoradebre.cat\/wp\/wp-content\/uploads\/2015\/05\/CINTA-AGN\u00c9-ERC-AM-MDE-e1430916622129-225x300.jpg\" alt=\"CINTA AGN\u00c9 ERC-AM MDE\" width=\"225\" height=\"300\" srcset=\"https:\/\/www.radiomoradebre.cat\/wp\/wp-content\/uploads\/2015\/05\/CINTA-AGN\u00c9-ERC-AM-MDE-e1430916622129-225x300.jpg 225w, https:\/\/www.radiomoradebre.cat\/wp\/wp-content\/uploads\/2015\/05\/CINTA-AGN\u00c9-ERC-AM-MDE-e1430916622129-768x1024.jpg 768w\" sizes=\"auto, (max-width: 225px) 100vw, 225px\" \/><\/a><\/p>\n","protected":false},"excerpt":{"rendered":"<p>HORA M\u00d3RA D&#8217;EBRE. Avui hem conversat amb Cinta Agn\u00e9, cap de llista del grup d&#8217;ERC-AM de M\u00f3ra d&#8217;Ebre, qui ens ha presentat les propostes del programa electoral per al 24 de maig. ENTREVISTA CINTA AGN\u00c9 6-5-15 ERC-AM MDE<\/p>\n","protected":false},"author":3,"featured_media":0,"comment_status":"closed","ping_status":"open","sticky":false,"template":"","format":"standard","meta":{"footnotes":""},"categories":[12],"tags":[3434,1833,163,4640,57,2636,1926],"class_list":["post-15088","post","type-post","status-publish","format-standard","hentry","category-horamoradebre","tag-cinta-agne","tag-eleccions","tag-erc","tag-erc-am","tag-mora-debre","tag-municipals","tag-programa"],"_links":{"self":[{"href":"https:\/\/www.radiomoradebre.cat\/wp\/wp-json\/wp\/v2\/posts\/15088","targetHints":{"allow":["GET"]}}],"collection":[{"href":"https:\/\/www.radiomoradebre.cat\/wp\/wp-json\/wp\/v2\/posts"}],"about":[{"href":"https:\/\/www.radiomoradebre.cat\/wp\/wp-json\/wp\/v2\/types\/post"}],"author":[{"embeddable":true,"href":"https:\/\/www.radiomoradebre.cat\/wp\/wp-json\/wp\/v2\/users\/3"}],"replies":[{"embeddable":true,"href":"https:\/\/www.radiomoradebre.cat\/wp\/wp-json\/wp\/v2\/comments?post=15088"}],"version-history":[{"count":1,"href":"https:\/\/www.radiomoradebre.cat\/wp\/wp-json\/wp\/v2\/posts\/15088\/revisions"}],"predecessor-version":[{"id":15090,"href":"https:\/\/www.radiomoradebre.cat\/wp\/wp-json\/wp\/v2\/posts\/15088\/revisions\/15090"}],"wp:attachment":[{"href":"https:\/\/www.radiomoradebre.cat\/wp\/wp-json\/wp\/v2\/media?parent=15088"}],"wp:term":[{"taxonomy":"category","embeddable":true,"href":"https:\/\/www.radiomoradebre.cat\/wp\/wp-json\/wp\/v2\/categories?post=15088"},{"taxonomy":"post_tag","embeddable":true,"href":"https:\/\/www.radiomoradebre.cat\/wp\/wp-json\/wp\/v2\/tags?post=15088"}],"curies":[{"name":"wp","href":"https:\/\/api.w.org\/{rel}","templated":true}]}}