
{"id":14949,"date":"2015-04-29T12:00:14","date_gmt":"2015-04-29T10:00:14","guid":{"rendered":"http:\/\/radiomoradebre.cat\/wp\/?p=14949"},"modified":"2015-04-29T12:00:14","modified_gmt":"2015-04-29T10:00:14","slug":"la-creu-roja-fomenta-que-les-families-necessitades-adquireixin-productes-del-comerc-local","status":"publish","type":"post","link":"https:\/\/www.radiomoradebre.cat\/wp\/2015\/04\/29\/la-creu-roja-fomenta-que-les-families-necessitades-adquireixin-productes-del-comerc-local\/","title":{"rendered":"La Creu Roja fomenta que les fam\u00edlies necessitades adquireixin productes del comer\u00e7 local"},"content":{"rendered":"<p><em><strong>La Creu Roja de M\u00f3ra d&#8217;Ebre, Gandesa i Asc\u00f3 impulsa una campanya de finan\u00e7ament dels productes de primera necessitat a les fam\u00edlies m\u00e9s desfavorides. La iniciativa consisteix en assumir algunes compres de les fam\u00edlies perqu\u00e8 siguin elles mateixes qui adquireixen productes que necessiten. D&#8217;aquesta manera, es vol evitar estigmatitzar les persones que tenen menys recursos.<\/strong><\/em><\/p>\n<p>ANDREU PRUNERA<\/p>\n<p><a href=\"http:\/\/radiomoradebre.cat\/wp\/wp-content\/uploads\/2015\/04\/CRO-29-04-15-creu-roja.mp3\">CRO 29-04-15 creu roja<\/a><\/p>\n<p><a href=\"http:\/\/radiomoradebre.cat\/wp\/wp-content\/uploads\/2015\/04\/creu-roja-2.jpg\"><img loading=\"lazy\" decoding=\"async\" class=\"aligncenter size-medium wp-image-14936\" src=\"http:\/\/radiomoradebre.cat\/wp\/wp-content\/uploads\/2015\/04\/creu-roja-2-206x300.jpg\" alt=\"creu roja 2\" width=\"206\" height=\"300\" srcset=\"https:\/\/www.radiomoradebre.cat\/wp\/wp-content\/uploads\/2015\/04\/creu-roja-2-206x300.jpg 206w, https:\/\/www.radiomoradebre.cat\/wp\/wp-content\/uploads\/2015\/04\/creu-roja-2-704x1024.jpg 704w\" sizes=\"auto, (max-width: 206px) 100vw, 206px\" \/><\/a><\/p>\n","protected":false},"excerpt":{"rendered":"<p>La Creu Roja de M\u00f3ra d&#8217;Ebre, Gandesa i Asc\u00f3 impulsa una campanya de finan\u00e7ament dels productes de primera necessitat a les fam\u00edlies m\u00e9s desfavorides. La iniciativa consisteix en assumir algunes compres de les fam\u00edlies perqu\u00e8 siguin elles mateixes qui adquireixen &hellip; <a href=\"https:\/\/www.radiomoradebre.cat\/wp\/2015\/04\/29\/la-creu-roja-fomenta-que-les-families-necessitades-adquireixin-productes-del-comerc-local\/\">Continue reading <span class=\"meta-nav\">&rarr;<\/span><\/a><\/p>\n","protected":false},"author":3,"featured_media":0,"comment_status":"closed","ping_status":"open","sticky":false,"template":"","format":"standard","meta":{"footnotes":""},"categories":[2],"tags":[69,3883,1757,2443,197,57,1908],"class_list":["post-14949","post","type-post","status-publish","format-standard","hentry","category-noticies","tag-asco","tag-batiste-ninyerola","tag-comerc","tag-creu-roja","tag-gandesa","tag-mora-debre","tag-solidaritat"],"_links":{"self":[{"href":"https:\/\/www.radiomoradebre.cat\/wp\/wp-json\/wp\/v2\/posts\/14949","targetHints":{"allow":["GET"]}}],"collection":[{"href":"https:\/\/www.radiomoradebre.cat\/wp\/wp-json\/wp\/v2\/posts"}],"about":[{"href":"https:\/\/www.radiomoradebre.cat\/wp\/wp-json\/wp\/v2\/types\/post"}],"author":[{"embeddable":true,"href":"https:\/\/www.radiomoradebre.cat\/wp\/wp-json\/wp\/v2\/users\/3"}],"replies":[{"embeddable":true,"href":"https:\/\/www.radiomoradebre.cat\/wp\/wp-json\/wp\/v2\/comments?post=14949"}],"version-history":[{"count":1,"href":"https:\/\/www.radiomoradebre.cat\/wp\/wp-json\/wp\/v2\/posts\/14949\/revisions"}],"predecessor-version":[{"id":14951,"href":"https:\/\/www.radiomoradebre.cat\/wp\/wp-json\/wp\/v2\/posts\/14949\/revisions\/14951"}],"wp:attachment":[{"href":"https:\/\/www.radiomoradebre.cat\/wp\/wp-json\/wp\/v2\/media?parent=14949"}],"wp:term":[{"taxonomy":"category","embeddable":true,"href":"https:\/\/www.radiomoradebre.cat\/wp\/wp-json\/wp\/v2\/categories?post=14949"},{"taxonomy":"post_tag","embeddable":true,"href":"https:\/\/www.radiomoradebre.cat\/wp\/wp-json\/wp\/v2\/tags?post=14949"}],"curies":[{"name":"wp","href":"https:\/\/api.w.org\/{rel}","templated":true}]}}