
{"id":14887,"date":"2015-04-27T12:53:03","date_gmt":"2015-04-27T10:53:03","guid":{"rendered":"http:\/\/radiomoradebre.cat\/wp\/?p=14887"},"modified":"2015-04-27T12:53:03","modified_gmt":"2015-04-27T10:53:03","slug":"aparicio-torna-a-presentar-se-a-riba-roja-i-es-proposa-incentivar-locupacio","status":"publish","type":"post","link":"https:\/\/www.radiomoradebre.cat\/wp\/2015\/04\/27\/aparicio-torna-a-presentar-se-a-riba-roja-i-es-proposa-incentivar-locupacio\/","title":{"rendered":"Aparicio torna a presentar-se a Riba-roja i es proposa incentivar l&#8217;ocupaci\u00f3"},"content":{"rendered":"<p><em><b>L\u2019exalcalde de Riba-roja, Jos\u00e9 Luis Aparicio, torna a presentar-se a les properes eleccions amb la formaci\u00f3 Progr\u00e9s per Riba-roja. Entre les prioritats de la candidatura, Aparicio destaca la voluntat de reduir el deute de l\u2019Ajuntament i crear ocupaci\u00f3 al municipi.<\/b><\/em><\/p>\n<p>ANDREU PRUNERA<\/p>\n<p><a href=\"http:\/\/radiomoradebre.cat\/wp\/wp-content\/uploads\/2015\/04\/CRO-27-04-15-riba-roja.mp3\">CRO 27-04-15 riba-roja<\/a><\/p>\n<p><a href=\"http:\/\/radiomoradebre.cat\/wp\/wp-content\/uploads\/2015\/04\/20150424_222134.jpg\"><img loading=\"lazy\" decoding=\"async\" class=\"aligncenter size-medium wp-image-14889\" src=\"http:\/\/radiomoradebre.cat\/wp\/wp-content\/uploads\/2015\/04\/20150424_222134-300x225.jpg\" alt=\"20150424_222134\" width=\"300\" height=\"225\" srcset=\"https:\/\/www.radiomoradebre.cat\/wp\/wp-content\/uploads\/2015\/04\/20150424_222134-300x225.jpg 300w, https:\/\/www.radiomoradebre.cat\/wp\/wp-content\/uploads\/2015\/04\/20150424_222134-1024x768.jpg 1024w\" sizes=\"auto, (max-width: 300px) 100vw, 300px\" \/><\/a><\/p>\n","protected":false},"excerpt":{"rendered":"<p>L\u2019exalcalde de Riba-roja, Jos\u00e9 Luis Aparicio, torna a presentar-se a les properes eleccions amb la formaci\u00f3 Progr\u00e9s per Riba-roja. Entre les prioritats de la candidatura, Aparicio destaca la voluntat de reduir el deute de l\u2019Ajuntament i crear ocupaci\u00f3 al municipi. &hellip; <a href=\"https:\/\/www.radiomoradebre.cat\/wp\/2015\/04\/27\/aparicio-torna-a-presentar-se-a-riba-roja-i-es-proposa-incentivar-locupacio\/\">Continue reading <span class=\"meta-nav\">&rarr;<\/span><\/a><\/p>\n","protected":false},"author":3,"featured_media":0,"comment_status":"closed","ping_status":"open","sticky":false,"template":"","format":"standard","meta":{"footnotes":""},"categories":[2],"tags":[4195,1812,1813,75],"class_list":["post-14887","post","type-post","status-publish","format-standard","hentry","category-noticies","tag-eleccions-municipals","tag-jose-luis-aparicio","tag-progres-per-riba-roja","tag-riba-roja-debre"],"_links":{"self":[{"href":"https:\/\/www.radiomoradebre.cat\/wp\/wp-json\/wp\/v2\/posts\/14887","targetHints":{"allow":["GET"]}}],"collection":[{"href":"https:\/\/www.radiomoradebre.cat\/wp\/wp-json\/wp\/v2\/posts"}],"about":[{"href":"https:\/\/www.radiomoradebre.cat\/wp\/wp-json\/wp\/v2\/types\/post"}],"author":[{"embeddable":true,"href":"https:\/\/www.radiomoradebre.cat\/wp\/wp-json\/wp\/v2\/users\/3"}],"replies":[{"embeddable":true,"href":"https:\/\/www.radiomoradebre.cat\/wp\/wp-json\/wp\/v2\/comments?post=14887"}],"version-history":[{"count":1,"href":"https:\/\/www.radiomoradebre.cat\/wp\/wp-json\/wp\/v2\/posts\/14887\/revisions"}],"predecessor-version":[{"id":14890,"href":"https:\/\/www.radiomoradebre.cat\/wp\/wp-json\/wp\/v2\/posts\/14887\/revisions\/14890"}],"wp:attachment":[{"href":"https:\/\/www.radiomoradebre.cat\/wp\/wp-json\/wp\/v2\/media?parent=14887"}],"wp:term":[{"taxonomy":"category","embeddable":true,"href":"https:\/\/www.radiomoradebre.cat\/wp\/wp-json\/wp\/v2\/categories?post=14887"},{"taxonomy":"post_tag","embeddable":true,"href":"https:\/\/www.radiomoradebre.cat\/wp\/wp-json\/wp\/v2\/tags?post=14887"}],"curies":[{"name":"wp","href":"https:\/\/api.w.org\/{rel}","templated":true}]}}