
{"id":14441,"date":"2015-04-07T11:00:31","date_gmt":"2015-04-07T09:00:31","guid":{"rendered":"http:\/\/radiomoradebre.cat\/wp\/?p=14441"},"modified":"2015-04-07T11:00:31","modified_gmt":"2015-04-07T09:00:31","slug":"lasco-recupera-el-liderat-a-la-tercera-divisio","status":"publish","type":"post","link":"https:\/\/www.radiomoradebre.cat\/wp\/2015\/04\/07\/lasco-recupera-el-liderat-a-la-tercera-divisio\/","title":{"rendered":"L\u2019Asc\u00f3 recupera el liderat a la Tercera Divisi\u00f3"},"content":{"rendered":"<p><b><span lang=\"CA\">En futbol aquest cap de setmana ha estat profit\u00f3s per l\u2019Asc\u00f3, que ha recuperat el liderat de la tercera divisi\u00f3 despr\u00e9s de derrotar a La Pobla de Mafumet per 4 gols a 0.<\/span><\/b><\/p>\n<p><strong>Tamb\u00e9 aquest cap de setmana tres gimnastes del Club de Twirling de M\u00f3ra la Nova han participat al campionat del M\u00f3n que s\u2019ha disputat a It\u00e0lia, a Ligiano-Sabbiadoro.<\/strong><\/p>\n<p><strong>I en motor aquest diumenge el Circuit de M\u00f3ra d\u2019Ebre va acollir la primera prova de la Copa Catalana de Minimotos, Scooters i Supermotard.<\/strong><\/p>\n<p>ADRIANA MONCL\u00daS<\/p>\n<p><a href=\"http:\/\/radiomoradebre.cat\/wp\/wp-content\/uploads\/2015\/04\/CRO-7-4-15-ESPORTS.mp3\">CRO 7-4-15 ESPORTS<\/a><\/p>\n<p>&nbsp;<\/p>\n<div id=\"attachment_14442\" style=\"width: 179px\" class=\"wp-caption aligncenter\"><a href=\"http:\/\/radiomoradebre.cat\/wp\/wp-content\/uploads\/2015\/04\/11112849_1647007285533706_2915593040382117674_n.jpg\"><img loading=\"lazy\" decoding=\"async\" aria-describedby=\"caption-attachment-14442\" class=\"wp-image-14442 size-medium\" src=\"http:\/\/radiomoradebre.cat\/wp\/wp-content\/uploads\/2015\/04\/11112849_1647007285533706_2915593040382117674_n-169x300.jpg\" alt=\"11112849_1647007285533706_2915593040382117674_n\" width=\"169\" height=\"300\" srcset=\"https:\/\/www.radiomoradebre.cat\/wp\/wp-content\/uploads\/2015\/04\/11112849_1647007285533706_2915593040382117674_n-169x300.jpg 169w, https:\/\/www.radiomoradebre.cat\/wp\/wp-content\/uploads\/2015\/04\/11112849_1647007285533706_2915593040382117674_n.jpg 540w\" sizes=\"auto, (max-width: 169px) 100vw, 169px\" \/><\/a><p id=\"caption-attachment-14442\" class=\"wp-caption-text\">Foto: Club Twirling M\u00f3ra la Nova<\/p><\/div>\n<p>&nbsp;<\/p>\n","protected":false},"excerpt":{"rendered":"<p>En futbol aquest cap de setmana ha estat profit\u00f3s per l\u2019Asc\u00f3, que ha recuperat el liderat de la tercera divisi\u00f3 despr\u00e9s de derrotar a La Pobla de Mafumet per 4 gols a 0. Tamb\u00e9 aquest cap de setmana tres gimnastes &hellip; <a href=\"https:\/\/www.radiomoradebre.cat\/wp\/2015\/04\/07\/lasco-recupera-el-liderat-a-la-tercera-divisio\/\">Continue reading <span class=\"meta-nav\">&rarr;<\/span><\/a><\/p>\n","protected":false},"author":3,"featured_media":0,"comment_status":"closed","ping_status":"open","sticky":false,"template":"","format":"standard","meta":{"footnotes":""},"categories":[2],"tags":[3947,1940,3953,1060,901,1265,57,1937,3885],"class_list":["post-14441","post","type-post","status-publish","format-standard","hentry","category-noticies","tag-campionat","tag-circuit","tag-club-de-twirling-mora-la-nova","tag-esports","tag-fc-asco","tag-futbol","tag-mora-debre","tag-motor","tag-twirling"],"_links":{"self":[{"href":"https:\/\/www.radiomoradebre.cat\/wp\/wp-json\/wp\/v2\/posts\/14441","targetHints":{"allow":["GET"]}}],"collection":[{"href":"https:\/\/www.radiomoradebre.cat\/wp\/wp-json\/wp\/v2\/posts"}],"about":[{"href":"https:\/\/www.radiomoradebre.cat\/wp\/wp-json\/wp\/v2\/types\/post"}],"author":[{"embeddable":true,"href":"https:\/\/www.radiomoradebre.cat\/wp\/wp-json\/wp\/v2\/users\/3"}],"replies":[{"embeddable":true,"href":"https:\/\/www.radiomoradebre.cat\/wp\/wp-json\/wp\/v2\/comments?post=14441"}],"version-history":[{"count":1,"href":"https:\/\/www.radiomoradebre.cat\/wp\/wp-json\/wp\/v2\/posts\/14441\/revisions"}],"predecessor-version":[{"id":14444,"href":"https:\/\/www.radiomoradebre.cat\/wp\/wp-json\/wp\/v2\/posts\/14441\/revisions\/14444"}],"wp:attachment":[{"href":"https:\/\/www.radiomoradebre.cat\/wp\/wp-json\/wp\/v2\/media?parent=14441"}],"wp:term":[{"taxonomy":"category","embeddable":true,"href":"https:\/\/www.radiomoradebre.cat\/wp\/wp-json\/wp\/v2\/categories?post=14441"},{"taxonomy":"post_tag","embeddable":true,"href":"https:\/\/www.radiomoradebre.cat\/wp\/wp-json\/wp\/v2\/tags?post=14441"}],"curies":[{"name":"wp","href":"https:\/\/api.w.org\/{rel}","templated":true}]}}