
{"id":1421,"date":"2013-04-09T11:09:25","date_gmt":"2013-04-09T09:09:25","guid":{"rendered":"http:\/\/radiomoradebre.cat\/wp\/?p=1421"},"modified":"2013-04-09T11:09:25","modified_gmt":"2013-04-09T09:09:25","slug":"jordi-pujol-al-25-aniversari-del-consell-comarcal-del-priorat","status":"publish","type":"post","link":"https:\/\/www.radiomoradebre.cat\/wp\/2013\/04\/09\/jordi-pujol-al-25-aniversari-del-consell-comarcal-del-priorat\/","title":{"rendered":"Jordi Pujol al 25 aniversari del Consell Comarcal del Priorat"},"content":{"rendered":"<p><em><strong>Jordi Pujol presidir\u00e0 l\u2019acte del 25\u00e8 aniversari del Consell Comarcal del Priorat que tindr\u00e0 lloc el proper 26 d\u2019abril al teatre de l\u2019Artesana de Falset. <\/strong><\/em><\/p>\n<p>L\u2019expresident de la Generalitat de Catalunya, Jordi Pujol, ser\u00e0 l\u2019encarregat de presidir l\u2019acte de commemoraci\u00f3 dels 25 anys del Consell Comarcal del Priorat. I \u00e9s que aquest any tots els ens comarcals celebren el seu primer quart de segle amb diferents actes institucionals i protocol\u00b7laris. El Priorat ha convidat Pujol ja que era el president de la Generalitat el 1988, quan van n\u00e9ixer les institucions comarcals, ho van fer concretament el 9 de mar\u00e7.<\/p>\n<p>Tot plegat quan algunes veus q\u00fcestionen el paper dels consells comarcals , unes institucions pensades per apropar l\u2019administraci\u00f3 als diversos territoris de Catalunya i millorar la prestaci\u00f3 de serveis als petits municipis. Una tasca important en comarques com el Priorat on es d\u00f3na una gran dispersi\u00f3 geogr\u00e0fica.<\/p>\n","protected":false},"excerpt":{"rendered":"<p>Jordi Pujol presidir\u00e0 l\u2019acte del 25\u00e8 aniversari del Consell Comarcal del Priorat que tindr\u00e0 lloc el proper 26 d\u2019abril al teatre de l\u2019Artesana de Falset. L\u2019expresident de la Generalitat de Catalunya, Jordi Pujol, ser\u00e0 l\u2019encarregat de presidir l\u2019acte de commemoraci\u00f3 &hellip; <a href=\"https:\/\/www.radiomoradebre.cat\/wp\/2013\/04\/09\/jordi-pujol-al-25-aniversari-del-consell-comarcal-del-priorat\/\">Continue reading <span class=\"meta-nav\">&rarr;<\/span><\/a><\/p>\n","protected":false},"author":3,"featured_media":0,"comment_status":"closed","ping_status":"open","sticky":false,"template":"","format":"standard","meta":{"footnotes":""},"categories":[2],"tags":[610,51,500,49],"class_list":["post-1421","post","type-post","status-publish","format-standard","hentry","category-noticies","tag-25-anys-consells-comarcals","tag-consell-comarcal-del-priorat","tag-jordi-pujol","tag-priorat"],"_links":{"self":[{"href":"https:\/\/www.radiomoradebre.cat\/wp\/wp-json\/wp\/v2\/posts\/1421","targetHints":{"allow":["GET"]}}],"collection":[{"href":"https:\/\/www.radiomoradebre.cat\/wp\/wp-json\/wp\/v2\/posts"}],"about":[{"href":"https:\/\/www.radiomoradebre.cat\/wp\/wp-json\/wp\/v2\/types\/post"}],"author":[{"embeddable":true,"href":"https:\/\/www.radiomoradebre.cat\/wp\/wp-json\/wp\/v2\/users\/3"}],"replies":[{"embeddable":true,"href":"https:\/\/www.radiomoradebre.cat\/wp\/wp-json\/wp\/v2\/comments?post=1421"}],"version-history":[{"count":1,"href":"https:\/\/www.radiomoradebre.cat\/wp\/wp-json\/wp\/v2\/posts\/1421\/revisions"}],"predecessor-version":[{"id":1422,"href":"https:\/\/www.radiomoradebre.cat\/wp\/wp-json\/wp\/v2\/posts\/1421\/revisions\/1422"}],"wp:attachment":[{"href":"https:\/\/www.radiomoradebre.cat\/wp\/wp-json\/wp\/v2\/media?parent=1421"}],"wp:term":[{"taxonomy":"category","embeddable":true,"href":"https:\/\/www.radiomoradebre.cat\/wp\/wp-json\/wp\/v2\/categories?post=1421"},{"taxonomy":"post_tag","embeddable":true,"href":"https:\/\/www.radiomoradebre.cat\/wp\/wp-json\/wp\/v2\/tags?post=1421"}],"curies":[{"name":"wp","href":"https:\/\/api.w.org\/{rel}","templated":true}]}}