
{"id":13983,"date":"2015-03-12T13:43:52","date_gmt":"2015-03-12T12:43:52","guid":{"rendered":"http:\/\/radiomoradebre.cat\/wp\/?p=13983"},"modified":"2015-03-12T13:44:54","modified_gmt":"2015-03-12T12:44:54","slug":"pallares-es-presentara-a-la-reeleccio-a-lalcaldia-darnes-per-ultima-vegada","status":"publish","type":"post","link":"https:\/\/www.radiomoradebre.cat\/wp\/2015\/03\/12\/pallares-es-presentara-a-la-reeleccio-a-lalcaldia-darnes-per-ultima-vegada\/","title":{"rendered":"Pallar\u00e8s es presentar\u00e0 a la reelecci\u00f3 a l\u2019alcaldia d\u2019Arnes per \u00faltima vegada"},"content":{"rendered":"<p><em><strong>Xavier Pallar\u00e8s es tornar\u00e0 a presentar a les eleccions municipals com a cap de llista del Converg\u00e8ncia i Uni\u00f3 a Arnes.<\/strong><\/em><\/p>\n<p>ADRIANA MONCL\u00daS<\/p>\n<p><a href=\"http:\/\/radiomoradebre.cat\/wp\/wp-content\/uploads\/2015\/03\/CRO-12-3-15-PALLARES-ES-TORNA-A-PRESENTAR-ARNES.mp3\">CRO 12-3-15 PALLARES ES TORNA A PRESENTAR ARNES<\/a><\/p>\n<p><a href=\"http:\/\/radiomoradebre.cat\/wp\/wp-content\/uploads\/2015\/03\/IMG_0659-e1426080558560.jpg\"><img loading=\"lazy\" decoding=\"async\" class=\"aligncenter size-medium wp-image-13978\" src=\"http:\/\/radiomoradebre.cat\/wp\/wp-content\/uploads\/2015\/03\/IMG_0659-e1426080558560-225x300.jpg\" alt=\"IMG_0659\" width=\"225\" height=\"300\" srcset=\"https:\/\/www.radiomoradebre.cat\/wp\/wp-content\/uploads\/2015\/03\/IMG_0659-e1426080558560-225x300.jpg 225w, https:\/\/www.radiomoradebre.cat\/wp\/wp-content\/uploads\/2015\/03\/IMG_0659-e1426080558560-768x1024.jpg 768w\" sizes=\"auto, (max-width: 225px) 100vw, 225px\" \/><\/a><\/p>\n","protected":false},"excerpt":{"rendered":"<p>Xavier Pallar\u00e8s es tornar\u00e0 a presentar a les eleccions municipals com a cap de llista del Converg\u00e8ncia i Uni\u00f3 a Arnes. ADRIANA MONCL\u00daS CRO 12-3-15 PALLARES ES TORNA A PRESENTAR ARNES<\/p>\n","protected":false},"author":3,"featured_media":0,"comment_status":"closed","ping_status":"open","sticky":false,"template":"","format":"standard","meta":{"footnotes":""},"categories":[2],"tags":[860,4195,26,181],"class_list":["post-13983","post","type-post","status-publish","format-standard","hentry","category-noticies","tag-arnes","tag-eleccions-municipals","tag-terra-alta","tag-xavier-pallares"],"_links":{"self":[{"href":"https:\/\/www.radiomoradebre.cat\/wp\/wp-json\/wp\/v2\/posts\/13983","targetHints":{"allow":["GET"]}}],"collection":[{"href":"https:\/\/www.radiomoradebre.cat\/wp\/wp-json\/wp\/v2\/posts"}],"about":[{"href":"https:\/\/www.radiomoradebre.cat\/wp\/wp-json\/wp\/v2\/types\/post"}],"author":[{"embeddable":true,"href":"https:\/\/www.radiomoradebre.cat\/wp\/wp-json\/wp\/v2\/users\/3"}],"replies":[{"embeddable":true,"href":"https:\/\/www.radiomoradebre.cat\/wp\/wp-json\/wp\/v2\/comments?post=13983"}],"version-history":[{"count":1,"href":"https:\/\/www.radiomoradebre.cat\/wp\/wp-json\/wp\/v2\/posts\/13983\/revisions"}],"predecessor-version":[{"id":13985,"href":"https:\/\/www.radiomoradebre.cat\/wp\/wp-json\/wp\/v2\/posts\/13983\/revisions\/13985"}],"wp:attachment":[{"href":"https:\/\/www.radiomoradebre.cat\/wp\/wp-json\/wp\/v2\/media?parent=13983"}],"wp:term":[{"taxonomy":"category","embeddable":true,"href":"https:\/\/www.radiomoradebre.cat\/wp\/wp-json\/wp\/v2\/categories?post=13983"},{"taxonomy":"post_tag","embeddable":true,"href":"https:\/\/www.radiomoradebre.cat\/wp\/wp-json\/wp\/v2\/tags?post=13983"}],"curies":[{"name":"wp","href":"https:\/\/api.w.org\/{rel}","templated":true}]}}