
{"id":13197,"date":"2015-02-03T14:59:38","date_gmt":"2015-02-03T13:59:38","guid":{"rendered":"http:\/\/radiomoradebre.cat\/wp\/?p=13197"},"modified":"2015-02-03T14:59:38","modified_gmt":"2015-02-03T13:59:38","slug":"entrevista-20-anys-ass-col%c2%b7lectiu-de-dones-mora-la-nova-3-2-15","status":"publish","type":"post","link":"https:\/\/www.radiomoradebre.cat\/wp\/2015\/02\/03\/entrevista-20-anys-ass-col%c2%b7lectiu-de-dones-mora-la-nova-3-2-15\/","title":{"rendered":"Entrevista 20 anys Ass. Col\u00b7lectiu de Dones M\u00f3ra la Nova (3-2-15)"},"content":{"rendered":"<p>HORA M\u00d3RA D&#8217;EBRE. Avui hem celebrat els 20 anys de l&#8217;Associaci\u00f3 Col\u00b7lectiu de Dones de M\u00f3ra la Nova amb la seua actual presidenta, Amparo Marqu\u00e8s, i una de les vocals, Gema Sent\u00eds. Amb elles hem fet balan\u00e7 d&#8217;aquests 20 anys de l&#8217;entitat i ens han explicat com ho celebraran aquest dijous 5 de febrer en motiu de Santa \u00c0gueda.<\/p>\n<p><a href=\"http:\/\/radiomoradebre.cat\/wp\/wp-content\/uploads\/2015\/02\/ENTREVISTA-GEMMA-I-AMPARO-3-2-15-20-ANYS-ASS-DONES-MLN.mp3\">ENTREVISTA GEMMA I AMPARO 3-2-15 20 ANYS ASS DONES MLN<\/a><\/p>\n<p><a href=\"http:\/\/radiomoradebre.cat\/wp\/wp-content\/uploads\/2015\/02\/IMG_0070.jpg\"><img loading=\"lazy\" decoding=\"async\" class=\"aligncenter size-medium wp-image-13198\" src=\"http:\/\/radiomoradebre.cat\/wp\/wp-content\/uploads\/2015\/02\/IMG_0070-300x225.jpg\" alt=\"IMG_0070\" width=\"300\" height=\"225\" srcset=\"https:\/\/www.radiomoradebre.cat\/wp\/wp-content\/uploads\/2015\/02\/IMG_0070-300x225.jpg 300w, https:\/\/www.radiomoradebre.cat\/wp\/wp-content\/uploads\/2015\/02\/IMG_0070-1024x768.jpg 1024w\" sizes=\"auto, (max-width: 300px) 100vw, 300px\" \/><\/a><\/p>\n","protected":false},"excerpt":{"rendered":"<p>HORA M\u00d3RA D&#8217;EBRE. Avui hem celebrat els 20 anys de l&#8217;Associaci\u00f3 Col\u00b7lectiu de Dones de M\u00f3ra la Nova amb la seua actual presidenta, Amparo Marqu\u00e8s, i una de les vocals, Gema Sent\u00eds. Amb elles hem fet balan\u00e7 d&#8217;aquests 20 anys &hellip; <a href=\"https:\/\/www.radiomoradebre.cat\/wp\/2015\/02\/03\/entrevista-20-anys-ass-col%c2%b7lectiu-de-dones-mora-la-nova-3-2-15\/\">Continue reading <span class=\"meta-nav\">&rarr;<\/span><\/a><\/p>\n","protected":false},"author":3,"featured_media":0,"comment_status":"closed","ping_status":"open","sticky":false,"template":"","format":"standard","meta":{"footnotes":""},"categories":[12],"tags":[4208,798,4209,2410,1704,83,4196],"class_list":["post-13197","post","type-post","status-publish","format-standard","hentry","category-horamoradebre","tag-amparo-marques","tag-aniversari","tag-associacio-collectiu-de-dones-de-mora-la-nova","tag-dones","tag-gemma-carim","tag-mora-la-nova","tag-santa-agueda"],"_links":{"self":[{"href":"https:\/\/www.radiomoradebre.cat\/wp\/wp-json\/wp\/v2\/posts\/13197","targetHints":{"allow":["GET"]}}],"collection":[{"href":"https:\/\/www.radiomoradebre.cat\/wp\/wp-json\/wp\/v2\/posts"}],"about":[{"href":"https:\/\/www.radiomoradebre.cat\/wp\/wp-json\/wp\/v2\/types\/post"}],"author":[{"embeddable":true,"href":"https:\/\/www.radiomoradebre.cat\/wp\/wp-json\/wp\/v2\/users\/3"}],"replies":[{"embeddable":true,"href":"https:\/\/www.radiomoradebre.cat\/wp\/wp-json\/wp\/v2\/comments?post=13197"}],"version-history":[{"count":1,"href":"https:\/\/www.radiomoradebre.cat\/wp\/wp-json\/wp\/v2\/posts\/13197\/revisions"}],"predecessor-version":[{"id":13199,"href":"https:\/\/www.radiomoradebre.cat\/wp\/wp-json\/wp\/v2\/posts\/13197\/revisions\/13199"}],"wp:attachment":[{"href":"https:\/\/www.radiomoradebre.cat\/wp\/wp-json\/wp\/v2\/media?parent=13197"}],"wp:term":[{"taxonomy":"category","embeddable":true,"href":"https:\/\/www.radiomoradebre.cat\/wp\/wp-json\/wp\/v2\/categories?post=13197"},{"taxonomy":"post_tag","embeddable":true,"href":"https:\/\/www.radiomoradebre.cat\/wp\/wp-json\/wp\/v2\/tags?post=13197"}],"curies":[{"name":"wp","href":"https:\/\/api.w.org\/{rel}","templated":true}]}}