
{"id":12759,"date":"2015-01-13T14:50:33","date_gmt":"2015-01-13T13:50:33","guid":{"rendered":"http:\/\/radiomoradebre.cat\/wp\/?p=12759"},"modified":"2015-01-13T15:36:22","modified_gmt":"2015-01-13T14:36:22","slug":"entrevista-sant-antoni-mora-debre-13-1-15","status":"publish","type":"post","link":"https:\/\/www.radiomoradebre.cat\/wp\/2015\/01\/13\/entrevista-sant-antoni-mora-debre-13-1-15\/","title":{"rendered":"Entrevista Sant Antoni M\u00f3ra d&#8217;Ebre (13-1-15)"},"content":{"rendered":"<p>HORA M\u00d3RA D&#8217;EBRE. Avui ens han acompanyat la Montse Pineda, regidora de festes de M\u00f3ra d&#8217;Ebre, i David Forn\u00f3s, t\u00e8cnic de festes, per explicar-nos totes les novetats de la festa major de Sant Antoni a M\u00f3ra d&#8217;Ebre, amb la segona edici\u00f3 de la Ruta de la Tapa Porca!<\/p>\n<p><a href=\"http:\/\/radiomoradebre.cat\/wp\/wp-content\/uploads\/2015\/01\/ENTREVISTA-MONTSE-PINEDA-I-DAVID-FARN\u00d3S-13-1-15-ST-ANTONI-MDE2.mp3\">ENTREVISTA MONTSE PINEDA I DAVID FARN\u00d3S 13-1-15 ST ANTONI MDE<\/a><\/p>\n<p><a href=\"http:\/\/radiomoradebre.cat\/wp\/wp-content\/uploads\/2015\/01\/DSC_2921.jpg\"><img loading=\"lazy\" decoding=\"async\" class=\"aligncenter size-medium wp-image-12760\" src=\"http:\/\/radiomoradebre.cat\/wp\/wp-content\/uploads\/2015\/01\/DSC_2921-300x168.jpg\" alt=\"DSC_2921\" width=\"300\" height=\"168\" srcset=\"https:\/\/www.radiomoradebre.cat\/wp\/wp-content\/uploads\/2015\/01\/DSC_2921-300x168.jpg 300w, https:\/\/www.radiomoradebre.cat\/wp\/wp-content\/uploads\/2015\/01\/DSC_2921-1024x576.jpg 1024w\" sizes=\"auto, (max-width: 300px) 100vw, 300px\" \/><\/a><\/p>\n","protected":false},"excerpt":{"rendered":"<p>HORA M\u00d3RA D&#8217;EBRE. Avui ens han acompanyat la Montse Pineda, regidora de festes de M\u00f3ra d&#8217;Ebre, i David Forn\u00f3s, t\u00e8cnic de festes, per explicar-nos totes les novetats de la festa major de Sant Antoni a M\u00f3ra d&#8217;Ebre, amb la segona &hellip; <a href=\"https:\/\/www.radiomoradebre.cat\/wp\/2015\/01\/13\/entrevista-sant-antoni-mora-debre-13-1-15\/\">Continue reading <span class=\"meta-nav\">&rarr;<\/span><\/a><\/p>\n","protected":false},"author":3,"featured_media":0,"comment_status":"closed","ping_status":"open","sticky":false,"template":"","format":"standard","meta":{"footnotes":""},"categories":[12],"tags":[4044,919,1662,57,2139,2498,4088,4089],"class_list":["post-12759","post","type-post","status-publish","format-standard","hentry","category-horamoradebre","tag-david-farnos","tag-festa","tag-montse-pineda","tag-mora-debre","tag-porc","tag-sant-antoni","tag-tapa-porca","tag-tapes"],"_links":{"self":[{"href":"https:\/\/www.radiomoradebre.cat\/wp\/wp-json\/wp\/v2\/posts\/12759","targetHints":{"allow":["GET"]}}],"collection":[{"href":"https:\/\/www.radiomoradebre.cat\/wp\/wp-json\/wp\/v2\/posts"}],"about":[{"href":"https:\/\/www.radiomoradebre.cat\/wp\/wp-json\/wp\/v2\/types\/post"}],"author":[{"embeddable":true,"href":"https:\/\/www.radiomoradebre.cat\/wp\/wp-json\/wp\/v2\/users\/3"}],"replies":[{"embeddable":true,"href":"https:\/\/www.radiomoradebre.cat\/wp\/wp-json\/wp\/v2\/comments?post=12759"}],"version-history":[{"count":2,"href":"https:\/\/www.radiomoradebre.cat\/wp\/wp-json\/wp\/v2\/posts\/12759\/revisions"}],"predecessor-version":[{"id":12768,"href":"https:\/\/www.radiomoradebre.cat\/wp\/wp-json\/wp\/v2\/posts\/12759\/revisions\/12768"}],"wp:attachment":[{"href":"https:\/\/www.radiomoradebre.cat\/wp\/wp-json\/wp\/v2\/media?parent=12759"}],"wp:term":[{"taxonomy":"category","embeddable":true,"href":"https:\/\/www.radiomoradebre.cat\/wp\/wp-json\/wp\/v2\/categories?post=12759"},{"taxonomy":"post_tag","embeddable":true,"href":"https:\/\/www.radiomoradebre.cat\/wp\/wp-json\/wp\/v2\/tags?post=12759"}],"curies":[{"name":"wp","href":"https:\/\/api.w.org\/{rel}","templated":true}]}}