
{"id":12336,"date":"2014-12-17T11:28:11","date_gmt":"2014-12-17T10:28:11","guid":{"rendered":"http:\/\/radiomoradebre.cat\/wp\/?p=12336"},"modified":"2014-12-17T11:29:29","modified_gmt":"2014-12-17T10:29:29","slug":"el-reactor-de-la-central-nuclear-asco-ii-satura-quan-es-reconnectava-a-la-xarxa","status":"publish","type":"post","link":"https:\/\/www.radiomoradebre.cat\/wp\/2014\/12\/17\/el-reactor-de-la-central-nuclear-asco-ii-satura-quan-es-reconnectava-a-la-xarxa\/","title":{"rendered":"El reactor de la central nuclear Asc\u00f3 II s\u2019atura quan es reconnectava a la xarxa"},"content":{"rendered":"<p><em><strong>El reactor de la central nuclear Asc\u00f3 II es va desconnectar autom\u00e0ticament ahir mentre incrementava la seua potencia despr\u00e9s de la rec\u00e0rrega de combustible. L\u2019incident s\u2019ha qualificat com a nivell zero a L\u2019Escala de Successos Nuclears.<\/strong><\/em><\/p>\n<p>ACN<\/p>\n<p><a href=\"http:\/\/radiomoradebre.cat\/wp\/wp-content\/uploads\/2014\/12\/CRO-17-12-14-desconnexio-nuclear.mp3\">CRO 17-12-14 desconnexio nuclear<\/a><\/p>\n<p><a href=\"http:\/\/radiomoradebre.cat\/wp\/wp-content\/uploads\/2014\/12\/nucle.jpg\"><img loading=\"lazy\" decoding=\"async\" class=\"aligncenter size-medium wp-image-12338\" src=\"http:\/\/radiomoradebre.cat\/wp\/wp-content\/uploads\/2014\/12\/nucle-300x212.jpg\" alt=\"Asc\u00f3 I. Fuita radioa\" width=\"300\" height=\"212\" srcset=\"https:\/\/www.radiomoradebre.cat\/wp\/wp-content\/uploads\/2014\/12\/nucle-300x212.jpg 300w, https:\/\/www.radiomoradebre.cat\/wp\/wp-content\/uploads\/2014\/12\/nucle.jpg 800w\" sizes=\"auto, (max-width: 300px) 100vw, 300px\" \/><\/a><\/p>\n","protected":false},"excerpt":{"rendered":"<p>El reactor de la central nuclear Asc\u00f3 II es va desconnectar autom\u00e0ticament ahir mentre incrementava la seua potencia despr\u00e9s de la rec\u00e0rrega de combustible. L\u2019incident s\u2019ha qualificat com a nivell zero a L\u2019Escala de Successos Nuclears. ACN CRO 17-12-14 desconnexio &hellip; <a href=\"https:\/\/www.radiomoradebre.cat\/wp\/2014\/12\/17\/el-reactor-de-la-central-nuclear-asco-ii-satura-quan-es-reconnectava-a-la-xarxa\/\">Continue reading <span class=\"meta-nav\">&rarr;<\/span><\/a><\/p>\n","protected":false},"author":3,"featured_media":0,"comment_status":"closed","ping_status":"open","sticky":false,"template":"","format":"standard","meta":{"footnotes":""},"categories":[2],"tags":[1583,355,955,956,2884,519],"class_list":["post-12336","post","type-post","status-publish","format-standard","hentry","category-noticies","tag-central-nuclear","tag-central-nuclear-dasco","tag-nuclear","tag-parada","tag-recarrega","tag-recarrega-de-combustible"],"_links":{"self":[{"href":"https:\/\/www.radiomoradebre.cat\/wp\/wp-json\/wp\/v2\/posts\/12336","targetHints":{"allow":["GET"]}}],"collection":[{"href":"https:\/\/www.radiomoradebre.cat\/wp\/wp-json\/wp\/v2\/posts"}],"about":[{"href":"https:\/\/www.radiomoradebre.cat\/wp\/wp-json\/wp\/v2\/types\/post"}],"author":[{"embeddable":true,"href":"https:\/\/www.radiomoradebre.cat\/wp\/wp-json\/wp\/v2\/users\/3"}],"replies":[{"embeddable":true,"href":"https:\/\/www.radiomoradebre.cat\/wp\/wp-json\/wp\/v2\/comments?post=12336"}],"version-history":[{"count":2,"href":"https:\/\/www.radiomoradebre.cat\/wp\/wp-json\/wp\/v2\/posts\/12336\/revisions"}],"predecessor-version":[{"id":12340,"href":"https:\/\/www.radiomoradebre.cat\/wp\/wp-json\/wp\/v2\/posts\/12336\/revisions\/12340"}],"wp:attachment":[{"href":"https:\/\/www.radiomoradebre.cat\/wp\/wp-json\/wp\/v2\/media?parent=12336"}],"wp:term":[{"taxonomy":"category","embeddable":true,"href":"https:\/\/www.radiomoradebre.cat\/wp\/wp-json\/wp\/v2\/categories?post=12336"},{"taxonomy":"post_tag","embeddable":true,"href":"https:\/\/www.radiomoradebre.cat\/wp\/wp-json\/wp\/v2\/tags?post=12336"}],"curies":[{"name":"wp","href":"https:\/\/api.w.org\/{rel}","templated":true}]}}