
{"id":12332,"date":"2014-12-17T10:49:32","date_gmt":"2014-12-17T09:49:32","guid":{"rendered":"http:\/\/radiomoradebre.cat\/wp\/?p=12332"},"modified":"2014-12-17T10:50:40","modified_gmt":"2014-12-17T09:50:40","slug":"una-maquina-permetra-tallar-i-recollir-les-algues-del-riu-a-la-vegada","status":"publish","type":"post","link":"https:\/\/www.radiomoradebre.cat\/wp\/2014\/12\/17\/una-maquina-permetra-tallar-i-recollir-les-algues-del-riu-a-la-vegada\/","title":{"rendered":"Una m\u00e0quina permetr\u00e0 tallar i recollir les algues del riu a la vegada"},"content":{"rendered":"<p><em><b><span lang=\"CA\">L\u2019Institut pel Desenvolupament de les Comarques de l\u2019Ebre adjudicar\u00e0 els treballs de neteja d\u2019algues del riu per un termini de tres anys enlloc de fer-ho nom\u00e9s per un, com ho feia fins ara. Aix\u00f2 permetr\u00e0 que l\u2019empresa que guanyi el concurs pugui fer una inversi\u00f3 per comprar una m\u00e0quina que talli i reculli les algues a la vegada i que millori l\u2019estat de la via navegable.<\/span><\/b><\/em><\/p>\n<p>ANDREU PRUNERA<\/p>\n<p><a href=\"http:\/\/radiomoradebre.cat\/wp\/wp-content\/uploads\/2014\/12\/CRO-17-12-14-maquina-algues.mp3\">CRO 17-12-14 maquina algues<\/a><\/p>\n<p><a href=\"http:\/\/radiomoradebre.cat\/wp\/wp-content\/uploads\/2014\/12\/algues.jpg\"><img loading=\"lazy\" decoding=\"async\" class=\"aligncenter size-medium wp-image-12334\" src=\"http:\/\/radiomoradebre.cat\/wp\/wp-content\/uploads\/2014\/12\/algues-300x225.jpg\" alt=\"OLYMPUS DIGITAL CAMERA\" width=\"300\" height=\"225\" srcset=\"https:\/\/www.radiomoradebre.cat\/wp\/wp-content\/uploads\/2014\/12\/algues-300x225.jpg 300w, https:\/\/www.radiomoradebre.cat\/wp\/wp-content\/uploads\/2014\/12\/algues.jpg 600w\" sizes=\"auto, (max-width: 300px) 100vw, 300px\" \/><\/a><\/p>\n","protected":false},"excerpt":{"rendered":"<p>L\u2019Institut pel Desenvolupament de les Comarques de l\u2019Ebre adjudicar\u00e0 els treballs de neteja d\u2019algues del riu per un termini de tres anys enlloc de fer-ho nom\u00e9s per un, com ho feia fins ara. Aix\u00f2 permetr\u00e0 que l\u2019empresa que guanyi el &hellip; <a href=\"https:\/\/www.radiomoradebre.cat\/wp\/2014\/12\/17\/una-maquina-permetra-tallar-i-recollir-les-algues-del-riu-a-la-vegada\/\">Continue reading <span class=\"meta-nav\">&rarr;<\/span><\/a><\/p>\n","protected":false},"author":3,"featured_media":0,"comment_status":"closed","ping_status":"open","sticky":false,"template":"","format":"standard","meta":{"footnotes":""},"categories":[2],"tags":[3004,60,666,64,66,181],"class_list":["post-12332","post","type-post","status-publish","format-standard","hentry","category-noticies","tag-algues","tag-idece","tag-institut-desenvolupament-de-les-comarques-de-lebre","tag-riu","tag-riu-ebre","tag-xavier-pallares"],"_links":{"self":[{"href":"https:\/\/www.radiomoradebre.cat\/wp\/wp-json\/wp\/v2\/posts\/12332","targetHints":{"allow":["GET"]}}],"collection":[{"href":"https:\/\/www.radiomoradebre.cat\/wp\/wp-json\/wp\/v2\/posts"}],"about":[{"href":"https:\/\/www.radiomoradebre.cat\/wp\/wp-json\/wp\/v2\/types\/post"}],"author":[{"embeddable":true,"href":"https:\/\/www.radiomoradebre.cat\/wp\/wp-json\/wp\/v2\/users\/3"}],"replies":[{"embeddable":true,"href":"https:\/\/www.radiomoradebre.cat\/wp\/wp-json\/wp\/v2\/comments?post=12332"}],"version-history":[{"count":1,"href":"https:\/\/www.radiomoradebre.cat\/wp\/wp-json\/wp\/v2\/posts\/12332\/revisions"}],"predecessor-version":[{"id":12335,"href":"https:\/\/www.radiomoradebre.cat\/wp\/wp-json\/wp\/v2\/posts\/12332\/revisions\/12335"}],"wp:attachment":[{"href":"https:\/\/www.radiomoradebre.cat\/wp\/wp-json\/wp\/v2\/media?parent=12332"}],"wp:term":[{"taxonomy":"category","embeddable":true,"href":"https:\/\/www.radiomoradebre.cat\/wp\/wp-json\/wp\/v2\/categories?post=12332"},{"taxonomy":"post_tag","embeddable":true,"href":"https:\/\/www.radiomoradebre.cat\/wp\/wp-json\/wp\/v2\/tags?post=12332"}],"curies":[{"name":"wp","href":"https:\/\/api.w.org\/{rel}","templated":true}]}}