
{"id":12204,"date":"2014-12-10T15:01:07","date_gmt":"2014-12-10T14:01:07","guid":{"rendered":"http:\/\/radiomoradebre.cat\/wp\/?p=12204"},"modified":"2014-12-10T15:01:07","modified_gmt":"2014-12-10T14:01:07","slug":"fil-directe-jordi-jardi-10-12-14","status":"publish","type":"post","link":"https:\/\/www.radiomoradebre.cat\/wp\/2014\/12\/10\/fil-directe-jordi-jardi-10-12-14\/","title":{"rendered":"Fil Directe Jordi Jard\u00ed (10-12-14)"},"content":{"rendered":"<p>FIL DIRECTE. Al programa d&#8217;avui ens ha acompanyat el president del Consell Comarcal de la Ribera d&#8217;Ebre, Jordi Jard\u00ed. Amb ell hem parlat de les retallades del nou conveni amb ANAV, del Consorci de Residus, la planta del Moll\u00f3 i aprofitant que s&#8217;acaba l&#8217;any hem fet balan\u00e7 del qu\u00e8 s&#8217;ha fet i manca per fer aquesta legislatura.<\/p>\n<p><a href=\"http:\/\/radiomoradebre.cat\/wp\/wp-content\/uploads\/2014\/12\/FIL-DIRECTE-10-12-14-JORDI-JARDI-CCRE.mp3\">FIL DIRECTE 10-12-14 JORDI JARDI CCRE<\/a><\/p>\n<p>&nbsp;<\/p>\n","protected":false},"excerpt":{"rendered":"<p>FIL DIRECTE. Al programa d&#8217;avui ens ha acompanyat el president del Consell Comarcal de la Ribera d&#8217;Ebre, Jordi Jard\u00ed. Amb ell hem parlat de les retallades del nou conveni amb ANAV, del Consorci de Residus, la planta del Moll\u00f3 i &hellip; <a href=\"https:\/\/www.radiomoradebre.cat\/wp\/2014\/12\/10\/fil-directe-jordi-jardi-10-12-14\/\">Continue reading <span class=\"meta-nav\">&rarr;<\/span><\/a><\/p>\n","protected":false},"author":3,"featured_media":0,"comment_status":"closed","ping_status":"open","sticky":false,"template":"","format":"standard","meta":{"footnotes":""},"categories":[12],"tags":[357,1414,53,1081,1158,3351,811,2109,118,469,49,677,96,218,26],"class_list":["post-12204","post","type-post","status-publish","format-standard","hentry","category-horamoradebre","tag-anav","tag-biomassa","tag-consell-comarcal-de-la-ribera-debre","tag-consorci","tag-conveni","tag-eficiencia-energetica","tag-energia","tag-fil-directe","tag-jordi-jardi","tag-mollo","tag-priorat","tag-residus","tag-ribera-debre","tag-serveis-socials","tag-terra-alta"],"_links":{"self":[{"href":"https:\/\/www.radiomoradebre.cat\/wp\/wp-json\/wp\/v2\/posts\/12204","targetHints":{"allow":["GET"]}}],"collection":[{"href":"https:\/\/www.radiomoradebre.cat\/wp\/wp-json\/wp\/v2\/posts"}],"about":[{"href":"https:\/\/www.radiomoradebre.cat\/wp\/wp-json\/wp\/v2\/types\/post"}],"author":[{"embeddable":true,"href":"https:\/\/www.radiomoradebre.cat\/wp\/wp-json\/wp\/v2\/users\/3"}],"replies":[{"embeddable":true,"href":"https:\/\/www.radiomoradebre.cat\/wp\/wp-json\/wp\/v2\/comments?post=12204"}],"version-history":[{"count":1,"href":"https:\/\/www.radiomoradebre.cat\/wp\/wp-json\/wp\/v2\/posts\/12204\/revisions"}],"predecessor-version":[{"id":12205,"href":"https:\/\/www.radiomoradebre.cat\/wp\/wp-json\/wp\/v2\/posts\/12204\/revisions\/12205"}],"wp:attachment":[{"href":"https:\/\/www.radiomoradebre.cat\/wp\/wp-json\/wp\/v2\/media?parent=12204"}],"wp:term":[{"taxonomy":"category","embeddable":true,"href":"https:\/\/www.radiomoradebre.cat\/wp\/wp-json\/wp\/v2\/categories?post=12204"},{"taxonomy":"post_tag","embeddable":true,"href":"https:\/\/www.radiomoradebre.cat\/wp\/wp-json\/wp\/v2\/tags?post=12204"}],"curies":[{"name":"wp","href":"https:\/\/api.w.org\/{rel}","templated":true}]}}