
{"id":1216,"date":"2013-03-26T11:03:19","date_gmt":"2013-03-26T10:03:19","guid":{"rendered":"http:\/\/radiomoradebre.cat\/wp\/?p=1216"},"modified":"2013-03-26T11:03:43","modified_gmt":"2013-03-26T10:03:43","slug":"1216","status":"publish","type":"post","link":"https:\/\/www.radiomoradebre.cat\/wp\/2013\/03\/26\/1216\/","title":{"rendered":"18 anys de Passi\u00f3 a Vilalba dels Arcs"},"content":{"rendered":"<p><em><strong>La Passi\u00f3 de Vilalba dels Arcs arriba aquest dijous a la seva divuitena edici\u00f3 convertint-se en el principal reclam tur\u00edstic de la Terra Alta per aquesta Setmana Santa. <\/strong><\/em><\/p>\n<p>Una representaci\u00f3 totalment consolidada a la comarca i que complir\u00e0 aquesta setmana santa la seva majoria d\u2019edat. Al llarg de 18 anys la Passi\u00f3 de Vilalba ha aconseguit fidelitzar al p\u00fablic, de fet s\u2019espera la visita d\u2019unes 700 persones. D\u2019aquesta manera es converteix amb el principal reclam tur\u00edstic i cultural per aquestes festes a la Terra Alta. Marc Samp\u00e9 \u00e9s el secretari del Patronat de la Passi\u00f3:<\/p>\n<p><a href=\"http:\/\/radiomoradebre.cat\/wp\/wp-content\/uploads\/2013\/03\/MARC-SAMPE-25-3-PASSIO-VILALVA-ARCSmp3.mp3\">MARC SAMPE 25-3 PASSIO VILALVA ARCSmp3<\/a><\/p>\n<p>Com es habitual la Passi\u00f3 s\u2019estructura amb dos representacions, la del dijous a la nit, il\u00b7luminada amb les antorxes i veles, i la del dissabte a la tarda. Una representaci\u00f3 que s\u2019acompanya de la participaci\u00f3 de tot el poble de la Terra Alta amb un mercat d\u2019artesania i productes t\u00edpics i la possibilitat de visitar el patrimoni de la poblaci\u00f3.<\/p>\n<p><a href=\"http:\/\/radiomoradebre.cat\/wp\/wp-content\/uploads\/2013\/03\/CARTELL-PASSIO-VILALBA-ARCS-2013.jpg\"><img loading=\"lazy\" decoding=\"async\" class=\"size-medium wp-image-1217 aligncenter\" alt=\"CARTELL PASSIO VILALBA ARCS 2013\" src=\"http:\/\/radiomoradebre.cat\/wp\/wp-content\/uploads\/2013\/03\/CARTELL-PASSIO-VILALBA-ARCS-2013-300x200.jpg\" width=\"300\" height=\"200\" srcset=\"https:\/\/www.radiomoradebre.cat\/wp\/wp-content\/uploads\/2013\/03\/CARTELL-PASSIO-VILALBA-ARCS-2013-300x200.jpg 300w, https:\/\/www.radiomoradebre.cat\/wp\/wp-content\/uploads\/2013\/03\/CARTELL-PASSIO-VILALBA-ARCS-2013-1024x682.jpg 1024w\" sizes=\"auto, (max-width: 300px) 100vw, 300px\" \/><\/a><\/p>\n<p>&nbsp;<\/p>\n","protected":false},"excerpt":{"rendered":"<p>La Passi\u00f3 de Vilalba dels Arcs arriba aquest dijous a la seva divuitena edici\u00f3 convertint-se en el principal reclam tur\u00edstic de la Terra Alta per aquesta Setmana Santa. Una representaci\u00f3 totalment consolidada a la comarca i que complir\u00e0 aquesta setmana &hellip; <a href=\"https:\/\/www.radiomoradebre.cat\/wp\/2013\/03\/26\/1216\/\">Continue reading <span class=\"meta-nav\">&rarr;<\/span><\/a><\/p>\n","protected":false},"author":3,"featured_media":0,"comment_status":"closed","ping_status":"open","sticky":false,"template":"","format":"standard","meta":{"footnotes":""},"categories":[2],"tags":[522,520,524,521,525,26,523],"class_list":["post-1216","post","type-post","status-publish","format-standard","hentry","category-noticies","tag-18-anys-de-passio","tag-la-passio","tag-marc-sampe","tag-passio-de-vilalba-dels-arcs","tag-patronat-de-la-passio-de-vilalba-dels-arcs","tag-terra-alta","tag-turisme-terra-alta"],"_links":{"self":[{"href":"https:\/\/www.radiomoradebre.cat\/wp\/wp-json\/wp\/v2\/posts\/1216","targetHints":{"allow":["GET"]}}],"collection":[{"href":"https:\/\/www.radiomoradebre.cat\/wp\/wp-json\/wp\/v2\/posts"}],"about":[{"href":"https:\/\/www.radiomoradebre.cat\/wp\/wp-json\/wp\/v2\/types\/post"}],"author":[{"embeddable":true,"href":"https:\/\/www.radiomoradebre.cat\/wp\/wp-json\/wp\/v2\/users\/3"}],"replies":[{"embeddable":true,"href":"https:\/\/www.radiomoradebre.cat\/wp\/wp-json\/wp\/v2\/comments?post=1216"}],"version-history":[{"count":2,"href":"https:\/\/www.radiomoradebre.cat\/wp\/wp-json\/wp\/v2\/posts\/1216\/revisions"}],"predecessor-version":[{"id":1220,"href":"https:\/\/www.radiomoradebre.cat\/wp\/wp-json\/wp\/v2\/posts\/1216\/revisions\/1220"}],"wp:attachment":[{"href":"https:\/\/www.radiomoradebre.cat\/wp\/wp-json\/wp\/v2\/media?parent=1216"}],"wp:term":[{"taxonomy":"category","embeddable":true,"href":"https:\/\/www.radiomoradebre.cat\/wp\/wp-json\/wp\/v2\/categories?post=1216"},{"taxonomy":"post_tag","embeddable":true,"href":"https:\/\/www.radiomoradebre.cat\/wp\/wp-json\/wp\/v2\/tags?post=1216"}],"curies":[{"name":"wp","href":"https:\/\/api.w.org\/{rel}","templated":true}]}}