
{"id":11634,"date":"2014-11-14T11:50:28","date_gmt":"2014-11-14T10:50:28","guid":{"rendered":"http:\/\/radiomoradebre.cat\/wp\/?p=11634"},"modified":"2014-11-14T11:50:28","modified_gmt":"2014-11-14T10:50:28","slug":"descobreixen-un-poblat-iberic-al-coll-del-moro","status":"publish","type":"post","link":"https:\/\/www.radiomoradebre.cat\/wp\/2014\/11\/14\/descobreixen-un-poblat-iberic-al-coll-del-moro\/","title":{"rendered":"Descobreixen un poblat ib\u00e8ric al Coll del Moro"},"content":{"rendered":"<p><em><strong>Les excavacions al jaciment hist\u00f2ric del Coll del Moro, a Gandesa, han tret a la llum les restes d\u2019un poblat ib\u00e8ric, amb nombroses cases i carrers. Els treballs arqueol\u00f2gics tamb\u00e9 han descobert un fort\u00ed rom\u00e0 del segle II abans de Crist. L\u2019Ajuntament de Gandesa treballa ara per buscar finan\u00e7ament i poder continuar amb l\u2019estudi de les restes d\u2019aquest poblat.<\/strong><\/em><\/p>\n<p>ANDREU PRUNERA<\/p>\n<p><a href=\"http:\/\/radiomoradebre.cat\/wp\/wp-content\/uploads\/2014\/11\/CRO-14-11-14-excavacio-coll-del-moro.mp3\">CRO 14-11-14 excavacio coll del moro<\/a><\/p>\n<p><a href=\"http:\/\/radiomoradebre.cat\/wp\/wp-content\/uploads\/2014\/11\/20141113_0915091.jpg\"><img loading=\"lazy\" decoding=\"async\" class=\"aligncenter size-medium wp-image-11639\" src=\"http:\/\/radiomoradebre.cat\/wp\/wp-content\/uploads\/2014\/11\/20141113_0915091-300x225.jpg\" alt=\"20141113_091509\" width=\"300\" height=\"225\" srcset=\"https:\/\/www.radiomoradebre.cat\/wp\/wp-content\/uploads\/2014\/11\/20141113_0915091-300x225.jpg 300w, https:\/\/www.radiomoradebre.cat\/wp\/wp-content\/uploads\/2014\/11\/20141113_0915091-1024x768.jpg 1024w\" sizes=\"auto, (max-width: 300px) 100vw, 300px\" \/><\/a><\/p>\n","protected":false},"excerpt":{"rendered":"<p>Les excavacions al jaciment hist\u00f2ric del Coll del Moro, a Gandesa, han tret a la llum les restes d\u2019un poblat ib\u00e8ric, amb nombroses cases i carrers. Els treballs arqueol\u00f2gics tamb\u00e9 han descobert un fort\u00ed rom\u00e0 del segle II abans de &hellip; <a href=\"https:\/\/www.radiomoradebre.cat\/wp\/2014\/11\/14\/descobreixen-un-poblat-iberic-al-coll-del-moro\/\">Continue reading <span class=\"meta-nav\">&rarr;<\/span><\/a><\/p>\n","protected":false},"author":3,"featured_media":0,"comment_status":"closed","ping_status":"open","sticky":false,"template":"","format":"standard","meta":{"footnotes":""},"categories":[2],"tags":[1386,28,3204,197,1867,3810,1866,3811],"class_list":["post-11634","post","type-post","status-publish","format-standard","hentry","category-noticies","tag-arqueologia","tag-carles-luz","tag-excavacions","tag-gandesa","tag-iber","tag-jaciment-historic","tag-poblat","tag-rafel-jornet"],"_links":{"self":[{"href":"https:\/\/www.radiomoradebre.cat\/wp\/wp-json\/wp\/v2\/posts\/11634","targetHints":{"allow":["GET"]}}],"collection":[{"href":"https:\/\/www.radiomoradebre.cat\/wp\/wp-json\/wp\/v2\/posts"}],"about":[{"href":"https:\/\/www.radiomoradebre.cat\/wp\/wp-json\/wp\/v2\/types\/post"}],"author":[{"embeddable":true,"href":"https:\/\/www.radiomoradebre.cat\/wp\/wp-json\/wp\/v2\/users\/3"}],"replies":[{"embeddable":true,"href":"https:\/\/www.radiomoradebre.cat\/wp\/wp-json\/wp\/v2\/comments?post=11634"}],"version-history":[{"count":1,"href":"https:\/\/www.radiomoradebre.cat\/wp\/wp-json\/wp\/v2\/posts\/11634\/revisions"}],"predecessor-version":[{"id":11642,"href":"https:\/\/www.radiomoradebre.cat\/wp\/wp-json\/wp\/v2\/posts\/11634\/revisions\/11642"}],"wp:attachment":[{"href":"https:\/\/www.radiomoradebre.cat\/wp\/wp-json\/wp\/v2\/media?parent=11634"}],"wp:term":[{"taxonomy":"category","embeddable":true,"href":"https:\/\/www.radiomoradebre.cat\/wp\/wp-json\/wp\/v2\/categories?post=11634"},{"taxonomy":"post_tag","embeddable":true,"href":"https:\/\/www.radiomoradebre.cat\/wp\/wp-json\/wp\/v2\/tags?post=11634"}],"curies":[{"name":"wp","href":"https:\/\/api.w.org\/{rel}","templated":true}]}}