
{"id":11403,"date":"2014-11-04T17:31:14","date_gmt":"2014-11-04T16:31:14","guid":{"rendered":"http:\/\/radiomoradebre.cat\/wp\/?p=11403"},"modified":"2014-11-04T17:31:14","modified_gmt":"2014-11-04T16:31:14","slug":"entrevista-marc-pinol-4-11-14","status":"publish","type":"post","link":"https:\/\/www.radiomoradebre.cat\/wp\/2014\/11\/04\/entrevista-marc-pinol-4-11-14\/","title":{"rendered":"Entrevista Marc Pi\u00f1ol (4-11-14)"},"content":{"rendered":"<p>ENTREVISTA amb Marc Pi\u00f1ol, del Grup Fruiter de Bennissanet. Amb ell hem parlat del Premi Cambra 2014 a la millor estrat\u00e8gia i iniciativa que ha rebut el Grup d&#8217;empreses de la fruita dol\u00e7a de la Ribera d&#8217;Ebre.<\/p>\n<p><a href=\"http:\/\/radiomoradebre.cat\/wp\/wp-content\/uploads\/2014\/11\/ENTREVISTA-MARC-PI\u00d1OL-4-11-14-PREMI-CAMBRA.mp3\">ENTREVISTA MARC PI\u00d1OL 4-11-14 PREMI CAMBRA<\/a><\/p>\n<p><a href=\"http:\/\/radiomoradebre.cat\/wp\/wp-content\/uploads\/2014\/11\/1-web-Premis-Cambra-2014-1.jpg\"><img loading=\"lazy\" decoding=\"async\" class=\"aligncenter size-medium wp-image-11404\" src=\"http:\/\/radiomoradebre.cat\/wp\/wp-content\/uploads\/2014\/11\/1-web-Premis-Cambra-2014-1-300x200.jpg\" alt=\"1-web-Premis-Cambra-2014-1\" width=\"300\" height=\"200\" srcset=\"https:\/\/www.radiomoradebre.cat\/wp\/wp-content\/uploads\/2014\/11\/1-web-Premis-Cambra-2014-1-300x200.jpg 300w, https:\/\/www.radiomoradebre.cat\/wp\/wp-content\/uploads\/2014\/11\/1-web-Premis-Cambra-2014-1.jpg 448w\" sizes=\"auto, (max-width: 300px) 100vw, 300px\" \/><\/a><\/p>\n","protected":false},"excerpt":{"rendered":"<p>ENTREVISTA amb Marc Pi\u00f1ol, del Grup Fruiter de Bennissanet. Amb ell hem parlat del Premi Cambra 2014 a la millor estrat\u00e8gia i iniciativa que ha rebut el Grup d&#8217;empreses de la fruita dol\u00e7a de la Ribera d&#8217;Ebre. ENTREVISTA MARC PI\u00d1OL &hellip; <a href=\"https:\/\/www.radiomoradebre.cat\/wp\/2014\/11\/04\/entrevista-marc-pinol-4-11-14\/\">Continue reading <span class=\"meta-nav\">&rarr;<\/span><\/a><\/p>\n","protected":false},"author":3,"featured_media":0,"comment_status":"closed","ping_status":"open","sticky":false,"template":"","format":"standard","meta":{"footnotes":""},"categories":[12],"tags":[3770,3577,3769,2797,3768,260,96],"class_list":["post-11403","post","type-post","status-publish","format-standard","hentry","category-horamoradebre","tag-cambra-de-comerc-de-tortosa","tag-estrategia","tag-fruita-dola","tag-grup","tag-marc-pinol","tag-premis","tag-ribera-debre"],"_links":{"self":[{"href":"https:\/\/www.radiomoradebre.cat\/wp\/wp-json\/wp\/v2\/posts\/11403","targetHints":{"allow":["GET"]}}],"collection":[{"href":"https:\/\/www.radiomoradebre.cat\/wp\/wp-json\/wp\/v2\/posts"}],"about":[{"href":"https:\/\/www.radiomoradebre.cat\/wp\/wp-json\/wp\/v2\/types\/post"}],"author":[{"embeddable":true,"href":"https:\/\/www.radiomoradebre.cat\/wp\/wp-json\/wp\/v2\/users\/3"}],"replies":[{"embeddable":true,"href":"https:\/\/www.radiomoradebre.cat\/wp\/wp-json\/wp\/v2\/comments?post=11403"}],"version-history":[{"count":1,"href":"https:\/\/www.radiomoradebre.cat\/wp\/wp-json\/wp\/v2\/posts\/11403\/revisions"}],"predecessor-version":[{"id":11405,"href":"https:\/\/www.radiomoradebre.cat\/wp\/wp-json\/wp\/v2\/posts\/11403\/revisions\/11405"}],"wp:attachment":[{"href":"https:\/\/www.radiomoradebre.cat\/wp\/wp-json\/wp\/v2\/media?parent=11403"}],"wp:term":[{"taxonomy":"category","embeddable":true,"href":"https:\/\/www.radiomoradebre.cat\/wp\/wp-json\/wp\/v2\/categories?post=11403"},{"taxonomy":"post_tag","embeddable":true,"href":"https:\/\/www.radiomoradebre.cat\/wp\/wp-json\/wp\/v2\/tags?post=11403"}],"curies":[{"name":"wp","href":"https:\/\/api.w.org\/{rel}","templated":true}]}}