
{"id":11319,"date":"2014-10-31T10:49:58","date_gmt":"2014-10-31T09:49:58","guid":{"rendered":"http:\/\/radiomoradebre.cat\/wp\/?p=11319"},"modified":"2014-10-31T10:49:58","modified_gmt":"2014-10-31T09:49:58","slug":"el-banc-dadn-denuncia-el-govern-al-sindic-de-greuges","status":"publish","type":"post","link":"https:\/\/www.radiomoradebre.cat\/wp\/2014\/10\/31\/el-banc-dadn-denuncia-el-govern-al-sindic-de-greuges\/","title":{"rendered":"El banc d&#8217;ADN denuncia el govern al S\u00edndic de Greuges"},"content":{"rendered":"<p><em><strong>El Banc d\u2019ADN pels desapareguts a la Guerra Civil ha denunciat davant del s\u00edndic de greuges que el govern catal\u00e0 no est\u00e0 complint amb el comprom\u00eds de modificar la llei de fosses per fer possible la exhumaci\u00f3 identificaci\u00f3 dels cossos, i actualitzar el mapa de fosses de Catalunya. El parlament va aprovar el 19 de desembre del 2013 una moci\u00f3 de suport a la tasca d\u2019aquest banc d\u2019ADN.<\/strong><\/em><\/p>\n<p>ANDREU PRUNERA<\/p>\n<p><a href=\"http:\/\/radiomoradebre.cat\/wp\/wp-content\/uploads\/2014\/10\/CRO-31-10-14-banc-adn.mp3\">CRO 31-10-14 banc adn<\/a><\/p>\n","protected":false},"excerpt":{"rendered":"<p>El Banc d\u2019ADN pels desapareguts a la Guerra Civil ha denunciat davant del s\u00edndic de greuges que el govern catal\u00e0 no est\u00e0 complint amb el comprom\u00eds de modificar la llei de fosses per fer possible la exhumaci\u00f3 identificaci\u00f3 dels cossos, &hellip; <a href=\"https:\/\/www.radiomoradebre.cat\/wp\/2014\/10\/31\/el-banc-dadn-denuncia-el-govern-al-sindic-de-greuges\/\">Continue reading <span class=\"meta-nav\">&rarr;<\/span><\/a><\/p>\n","protected":false},"author":3,"featured_media":0,"comment_status":"closed","ping_status":"open","sticky":false,"template":"","format":"standard","meta":{"footnotes":""},"categories":[2],"tags":[3114,2462],"class_list":["post-11319","post","type-post","status-publish","format-standard","hentry","category-noticies","tag-banc-dadn","tag-roger-heredia"],"_links":{"self":[{"href":"https:\/\/www.radiomoradebre.cat\/wp\/wp-json\/wp\/v2\/posts\/11319","targetHints":{"allow":["GET"]}}],"collection":[{"href":"https:\/\/www.radiomoradebre.cat\/wp\/wp-json\/wp\/v2\/posts"}],"about":[{"href":"https:\/\/www.radiomoradebre.cat\/wp\/wp-json\/wp\/v2\/types\/post"}],"author":[{"embeddable":true,"href":"https:\/\/www.radiomoradebre.cat\/wp\/wp-json\/wp\/v2\/users\/3"}],"replies":[{"embeddable":true,"href":"https:\/\/www.radiomoradebre.cat\/wp\/wp-json\/wp\/v2\/comments?post=11319"}],"version-history":[{"count":1,"href":"https:\/\/www.radiomoradebre.cat\/wp\/wp-json\/wp\/v2\/posts\/11319\/revisions"}],"predecessor-version":[{"id":11321,"href":"https:\/\/www.radiomoradebre.cat\/wp\/wp-json\/wp\/v2\/posts\/11319\/revisions\/11321"}],"wp:attachment":[{"href":"https:\/\/www.radiomoradebre.cat\/wp\/wp-json\/wp\/v2\/media?parent=11319"}],"wp:term":[{"taxonomy":"category","embeddable":true,"href":"https:\/\/www.radiomoradebre.cat\/wp\/wp-json\/wp\/v2\/categories?post=11319"},{"taxonomy":"post_tag","embeddable":true,"href":"https:\/\/www.radiomoradebre.cat\/wp\/wp-json\/wp\/v2\/tags?post=11319"}],"curies":[{"name":"wp","href":"https:\/\/api.w.org\/{rel}","templated":true}]}}