
{"id":11214,"date":"2014-10-27T11:51:57","date_gmt":"2014-10-27T10:51:57","guid":{"rendered":"http:\/\/radiomoradebre.cat\/wp\/?p=11214"},"modified":"2014-10-27T11:51:57","modified_gmt":"2014-10-27T10:51:57","slug":"la-ministra-tejerina-recorda-que-els-cabals-del-pla-de-conca-son-superiors-als-que-va-aprovar-la-generalitat-el-2001","status":"publish","type":"post","link":"https:\/\/www.radiomoradebre.cat\/wp\/2014\/10\/27\/la-ministra-tejerina-recorda-que-els-cabals-del-pla-de-conca-son-superiors-als-que-va-aprovar-la-generalitat-el-2001\/","title":{"rendered":"La ministra Tejerina recorda que els cabals del Pla de Conca s\u00f3n superiors als que va aprovar la Generalitat el 2001"},"content":{"rendered":"<p><em><strong>La ministra d\u2019agricultura, Isabel Garcia Tejerina, recorda que els cabals ecol\u00f2gics de l\u2019Ebre fixats al pla de Conca s\u00f3n superiors als que va aprovar la Generalitat el 2001. La ministra va destacar divendres, des de l\u2019Ametlla de Mar, que el govern estatal ha respectat el criteri ecol\u00f2gic al pla de conca, que estableix un cabal m\u00ednim de 100 metres c\u00fabics per segon al seu pas per Tortosa, una xifra que la Generalitat i el territori consideren del tot insuficient.<\/strong><\/em><\/p>\n<p>ANDREU PRUNERA<\/p>\n<p><a href=\"http:\/\/radiomoradebre.cat\/wp\/wp-content\/uploads\/2014\/10\/CRO-27-10-14-Tejerina-Pla-de-conca.mp3\">CRO 27-10-14 Tejerina Pla de conca<\/a><\/p>\n","protected":false},"excerpt":{"rendered":"<p>La ministra d\u2019agricultura, Isabel Garcia Tejerina, recorda que els cabals ecol\u00f2gics de l\u2019Ebre fixats al pla de Conca s\u00f3n superiors als que va aprovar la Generalitat el 2001. La ministra va destacar divendres, des de l\u2019Ametlla de Mar, que el &hellip; <a href=\"https:\/\/www.radiomoradebre.cat\/wp\/2014\/10\/27\/la-ministra-tejerina-recorda-que-els-cabals-del-pla-de-conca-son-superiors-als-que-va-aprovar-la-generalitat-el-2001\/\">Continue reading <span class=\"meta-nav\">&rarr;<\/span><\/a><\/p>\n","protected":false},"author":3,"featured_media":0,"comment_status":"closed","ping_status":"open","sticky":false,"template":"","format":"standard","meta":{"footnotes":""},"categories":[2],"tags":[568,3728,1719,934],"class_list":["post-11214","post","type-post","status-publish","format-standard","hentry","category-noticies","tag-cabal-riu-ebre","tag-isabel-garcia-tejerina","tag-ministerio-de-agricultura","tag-pla-de-conca"],"_links":{"self":[{"href":"https:\/\/www.radiomoradebre.cat\/wp\/wp-json\/wp\/v2\/posts\/11214","targetHints":{"allow":["GET"]}}],"collection":[{"href":"https:\/\/www.radiomoradebre.cat\/wp\/wp-json\/wp\/v2\/posts"}],"about":[{"href":"https:\/\/www.radiomoradebre.cat\/wp\/wp-json\/wp\/v2\/types\/post"}],"author":[{"embeddable":true,"href":"https:\/\/www.radiomoradebre.cat\/wp\/wp-json\/wp\/v2\/users\/3"}],"replies":[{"embeddable":true,"href":"https:\/\/www.radiomoradebre.cat\/wp\/wp-json\/wp\/v2\/comments?post=11214"}],"version-history":[{"count":1,"href":"https:\/\/www.radiomoradebre.cat\/wp\/wp-json\/wp\/v2\/posts\/11214\/revisions"}],"predecessor-version":[{"id":11216,"href":"https:\/\/www.radiomoradebre.cat\/wp\/wp-json\/wp\/v2\/posts\/11214\/revisions\/11216"}],"wp:attachment":[{"href":"https:\/\/www.radiomoradebre.cat\/wp\/wp-json\/wp\/v2\/media?parent=11214"}],"wp:term":[{"taxonomy":"category","embeddable":true,"href":"https:\/\/www.radiomoradebre.cat\/wp\/wp-json\/wp\/v2\/categories?post=11214"},{"taxonomy":"post_tag","embeddable":true,"href":"https:\/\/www.radiomoradebre.cat\/wp\/wp-json\/wp\/v2\/tags?post=11214"}],"curies":[{"name":"wp","href":"https:\/\/api.w.org\/{rel}","templated":true}]}}