
{"id":11022,"date":"2014-10-16T18:10:09","date_gmt":"2014-10-16T16:10:09","guid":{"rendered":"http:\/\/radiomoradebre.cat\/wp\/?p=11022"},"modified":"2014-10-16T18:10:09","modified_gmt":"2014-10-16T16:10:09","slug":"entrevista-del-dia-una-boda-reial-16-10-14","status":"publish","type":"post","link":"https:\/\/www.radiomoradebre.cat\/wp\/2014\/10\/16\/entrevista-del-dia-una-boda-reial-16-10-14\/","title":{"rendered":"Entrevista del dia &#8220;Una boda reial&#8221; (16-10-14)"},"content":{"rendered":"<p>ENTREVISTA DEL DIA. Escolta l&#8217;entrevista que vam gravar el divendres de la setmana passada a Gandesa amb l&#8217;Antonio Belar, director art\u00edstic de la teatralitzaci\u00f3 de la boda reial que hi va haver a Gandesa el 1.319. Tamb\u00e9 parlem amb l&#8217;alcalde del municipi, Carles Luz, i els dos protagonistes de La Farsa de Gandesa, en Marc i la Gemma, encarregats d&#8217;interpretar a l&#8217;Infant Jaume de Catalunya i l&#8217;Arag\u00f3 i Leonor de Castella. Una representaci\u00f3 que tindr\u00e0 lloc aquest diumenge.<\/p>\n<p><a href=\"http:\/\/radiomoradebre.cat\/wp\/wp-content\/uploads\/2014\/10\/ENTREVISTA-PREVIA-UNA-BODA-REIAL-GANDESA-16-10-14.mp3\">ENTREVISTA PREVIA UNA BODA REIAL GANDESA 16-10-14<\/a><\/p>\n<p><a href=\"http:\/\/radiomoradebre.cat\/wp\/wp-content\/uploads\/2014\/10\/IMG-20141010-WA0002.jpg\"><img loading=\"lazy\" decoding=\"async\" class=\"aligncenter size-medium wp-image-11023\" src=\"http:\/\/radiomoradebre.cat\/wp\/wp-content\/uploads\/2014\/10\/IMG-20141010-WA0002-300x225.jpg\" alt=\"IMG-20141010-WA0002\" width=\"300\" height=\"225\" srcset=\"https:\/\/www.radiomoradebre.cat\/wp\/wp-content\/uploads\/2014\/10\/IMG-20141010-WA0002-300x225.jpg 300w, https:\/\/www.radiomoradebre.cat\/wp\/wp-content\/uploads\/2014\/10\/IMG-20141010-WA0002-1024x768.jpg 1024w, https:\/\/www.radiomoradebre.cat\/wp\/wp-content\/uploads\/2014\/10\/IMG-20141010-WA0002.jpg 1280w\" sizes=\"auto, (max-width: 300px) 100vw, 300px\" \/><\/a><\/p>\n","protected":false},"excerpt":{"rendered":"<p>ENTREVISTA DEL DIA. Escolta l&#8217;entrevista que vam gravar el divendres de la setmana passada a Gandesa amb l&#8217;Antonio Belar, director art\u00edstic de la teatralitzaci\u00f3 de la boda reial que hi va haver a Gandesa el 1.319. Tamb\u00e9 parlem amb l&#8217;alcalde &hellip; <a href=\"https:\/\/www.radiomoradebre.cat\/wp\/2014\/10\/16\/entrevista-del-dia-una-boda-reial-16-10-14\/\">Continue reading <span class=\"meta-nav\">&rarr;<\/span><\/a><\/p>\n","protected":false},"author":3,"featured_media":0,"comment_status":"closed","ping_status":"open","sticky":false,"template":"","format":"standard","meta":{"footnotes":""},"categories":[12],"tags":[3635,2853,3633,28,3631,197,3696,2855],"class_list":["post-11022","post","type-post","status-publish","format-standard","hentry","category-horamoradebre","tag-antonio-belar","tag-boda","tag-boda-reial","tag-carles-luz","tag-farsa-de-gandesa","tag-gandesa","tag-infant-jaume-de-catalunya-i-larago","tag-leonor-de-castella"],"_links":{"self":[{"href":"https:\/\/www.radiomoradebre.cat\/wp\/wp-json\/wp\/v2\/posts\/11022","targetHints":{"allow":["GET"]}}],"collection":[{"href":"https:\/\/www.radiomoradebre.cat\/wp\/wp-json\/wp\/v2\/posts"}],"about":[{"href":"https:\/\/www.radiomoradebre.cat\/wp\/wp-json\/wp\/v2\/types\/post"}],"author":[{"embeddable":true,"href":"https:\/\/www.radiomoradebre.cat\/wp\/wp-json\/wp\/v2\/users\/3"}],"replies":[{"embeddable":true,"href":"https:\/\/www.radiomoradebre.cat\/wp\/wp-json\/wp\/v2\/comments?post=11022"}],"version-history":[{"count":1,"href":"https:\/\/www.radiomoradebre.cat\/wp\/wp-json\/wp\/v2\/posts\/11022\/revisions"}],"predecessor-version":[{"id":11024,"href":"https:\/\/www.radiomoradebre.cat\/wp\/wp-json\/wp\/v2\/posts\/11022\/revisions\/11024"}],"wp:attachment":[{"href":"https:\/\/www.radiomoradebre.cat\/wp\/wp-json\/wp\/v2\/media?parent=11022"}],"wp:term":[{"taxonomy":"category","embeddable":true,"href":"https:\/\/www.radiomoradebre.cat\/wp\/wp-json\/wp\/v2\/categories?post=11022"},{"taxonomy":"post_tag","embeddable":true,"href":"https:\/\/www.radiomoradebre.cat\/wp\/wp-json\/wp\/v2\/tags?post=11022"}],"curies":[{"name":"wp","href":"https:\/\/api.w.org\/{rel}","templated":true}]}}