
{"id":10837,"date":"2014-10-08T10:58:02","date_gmt":"2014-10-08T08:58:02","guid":{"rendered":"http:\/\/radiomoradebre.cat\/wp\/?p=10837"},"modified":"2014-10-08T13:29:16","modified_gmt":"2014-10-08T11:29:16","slug":"lajuntament-dhorta-de-sant-joan-votara-el-18-doctubre-la-mocio-per-donar-suport-al-9n","status":"publish","type":"post","link":"https:\/\/www.radiomoradebre.cat\/wp\/2014\/10\/08\/lajuntament-dhorta-de-sant-joan-votara-el-18-doctubre-la-mocio-per-donar-suport-al-9n\/","title":{"rendered":"L&#8217;Ajuntament d&#8217;Horta de Sant Joan votar\u00e0 el 18 d&#8217;octubre la moci\u00f3 per donar suport al 9N"},"content":{"rendered":"<p><em><b><span lang=\"CA\">L\u2019Ajuntament d\u2019Horta de Sant Joan celebrar\u00e0 un ple extraordinari el dia 18 d\u2019octubre per debatre la moci\u00f3 de suport a la consulta del 9 de novembre. El ple se celebr\u00e0 amb setmanes de retard respecte altres Ajuntaments perqu\u00e8 l\u2019alcalde, del Partit Popular, no va convocar aquest ple extraordinari que demana el grup de Converg\u00e8ncia i Uni\u00f3 en un termini de quinze dies. El secretari , d\u2019acord amb la llei de bases de r\u00e8gim local, ha notificat que queda convocat pel dia 18.<\/span><\/b><\/em><\/p>\n<p>ANDREU PRUNERA<\/p>\n<p><a href=\"http:\/\/radiomoradebre.cat\/wp\/wp-content\/uploads\/2014\/10\/CRO-8-10-ple-consulta-Horta-de-sant-joan.mp3\">CRO 8-10 ple consulta Horta de sant joan<\/a><\/p>\n","protected":false},"excerpt":{"rendered":"<p>L\u2019Ajuntament d\u2019Horta de Sant Joan celebrar\u00e0 un ple extraordinari el dia 18 d\u2019octubre per debatre la moci\u00f3 de suport a la consulta del 9 de novembre. El ple se celebr\u00e0 amb setmanes de retard respecte altres Ajuntaments perqu\u00e8 l\u2019alcalde, del &hellip; <a href=\"https:\/\/www.radiomoradebre.cat\/wp\/2014\/10\/08\/lajuntament-dhorta-de-sant-joan-votara-el-18-doctubre-la-mocio-per-donar-suport-al-9n\/\">Continue reading <span class=\"meta-nav\">&rarr;<\/span><\/a><\/p>\n","protected":false},"author":3,"featured_media":0,"comment_status":"closed","ping_status":"open","sticky":false,"template":"","format":"standard","meta":{"footnotes":""},"categories":[2],"tags":[3676,2125,404,154,3435,3606],"class_list":["post-10837","post","type-post","status-publish","format-standard","hentry","category-noticies","tag-angel-ferras","tag-consulta","tag-horta-de-sant-joan","tag-independencia","tag-jose-antoli","tag-pp"],"_links":{"self":[{"href":"https:\/\/www.radiomoradebre.cat\/wp\/wp-json\/wp\/v2\/posts\/10837","targetHints":{"allow":["GET"]}}],"collection":[{"href":"https:\/\/www.radiomoradebre.cat\/wp\/wp-json\/wp\/v2\/posts"}],"about":[{"href":"https:\/\/www.radiomoradebre.cat\/wp\/wp-json\/wp\/v2\/types\/post"}],"author":[{"embeddable":true,"href":"https:\/\/www.radiomoradebre.cat\/wp\/wp-json\/wp\/v2\/users\/3"}],"replies":[{"embeddable":true,"href":"https:\/\/www.radiomoradebre.cat\/wp\/wp-json\/wp\/v2\/comments?post=10837"}],"version-history":[{"count":4,"href":"https:\/\/www.radiomoradebre.cat\/wp\/wp-json\/wp\/v2\/posts\/10837\/revisions"}],"predecessor-version":[{"id":10860,"href":"https:\/\/www.radiomoradebre.cat\/wp\/wp-json\/wp\/v2\/posts\/10837\/revisions\/10860"}],"wp:attachment":[{"href":"https:\/\/www.radiomoradebre.cat\/wp\/wp-json\/wp\/v2\/media?parent=10837"}],"wp:term":[{"taxonomy":"category","embeddable":true,"href":"https:\/\/www.radiomoradebre.cat\/wp\/wp-json\/wp\/v2\/categories?post=10837"},{"taxonomy":"post_tag","embeddable":true,"href":"https:\/\/www.radiomoradebre.cat\/wp\/wp-json\/wp\/v2\/tags?post=10837"}],"curies":[{"name":"wp","href":"https:\/\/api.w.org\/{rel}","templated":true}]}}