
{"id":10776,"date":"2014-10-02T10:47:43","date_gmt":"2014-10-02T08:47:43","guid":{"rendered":"http:\/\/radiomoradebre.cat\/wp\/?p=10776"},"modified":"2014-10-02T10:47:43","modified_gmt":"2014-10-02T08:47:43","slug":"jardi-creu-que-la-rebaixa-de-la-brossa-de-ginestar-es-una-estrategia-electoral","status":"publish","type":"post","link":"https:\/\/www.radiomoradebre.cat\/wp\/2014\/10\/02\/jardi-creu-que-la-rebaixa-de-la-brossa-de-ginestar-es-una-estrategia-electoral\/","title":{"rendered":"Jard\u00ed creu que la rebaixa de la brossa de Ginestar \u00e9s una estrat\u00e8gia electoral."},"content":{"rendered":"<p><strong><em>El president del Consell Comarcal de la Ribera d&#8217;Ebre, es va referir ahir al Fil Directe de R\u00e0dio M\u00f3ra d&#8217;Ebre a la rebaixa en la taxa de les escombraries que ha aprovat l&#8217;Ajuntament de Ginestar per a l&#8217;any vinent.\u00a0<\/em><\/strong><\/p>\n<p>ADRIANA MONCL\u00daS<\/p>\n<p><a href=\"http:\/\/radiomoradebre.cat\/wp\/wp-content\/uploads\/2014\/10\/CRO-2-10-14-JARD\u00cd-SOBRE-REBAIXA-ESCOMBRARIES-GINESTAR.mp3\">CRO 2-10-14 JARD\u00cd SOBRE REBAIXA ESCOMBRARIES GINESTAR<\/a><\/p>\n","protected":false},"excerpt":{"rendered":"<p>El president del Consell Comarcal de la Ribera d&#8217;Ebre, es va referir ahir al Fil Directe de R\u00e0dio M\u00f3ra d&#8217;Ebre a la rebaixa en la taxa de les escombraries que ha aprovat l&#8217;Ajuntament de Ginestar per a l&#8217;any vinent.\u00a0 ADRIANA &hellip; <a href=\"https:\/\/www.radiomoradebre.cat\/wp\/2014\/10\/02\/jardi-creu-que-la-rebaixa-de-la-brossa-de-ginestar-es-una-estrategia-electoral\/\">Continue reading <span class=\"meta-nav\">&rarr;<\/span><\/a><\/p>\n","protected":false},"author":3,"featured_media":0,"comment_status":"closed","ping_status":"open","sticky":false,"template":"","format":"standard","meta":{"footnotes":""},"categories":[2],"tags":[1081,1833,1364,3577,145,118,2090,677],"class_list":["post-10776","post","type-post","status-publish","format-standard","hentry","category-noticies","tag-consorci","tag-eleccions","tag-escombraries","tag-estrategia","tag-ginestar","tag-jordi-jardi","tag-rebaixa","tag-residus"],"_links":{"self":[{"href":"https:\/\/www.radiomoradebre.cat\/wp\/wp-json\/wp\/v2\/posts\/10776","targetHints":{"allow":["GET"]}}],"collection":[{"href":"https:\/\/www.radiomoradebre.cat\/wp\/wp-json\/wp\/v2\/posts"}],"about":[{"href":"https:\/\/www.radiomoradebre.cat\/wp\/wp-json\/wp\/v2\/types\/post"}],"author":[{"embeddable":true,"href":"https:\/\/www.radiomoradebre.cat\/wp\/wp-json\/wp\/v2\/users\/3"}],"replies":[{"embeddable":true,"href":"https:\/\/www.radiomoradebre.cat\/wp\/wp-json\/wp\/v2\/comments?post=10776"}],"version-history":[{"count":1,"href":"https:\/\/www.radiomoradebre.cat\/wp\/wp-json\/wp\/v2\/posts\/10776\/revisions"}],"predecessor-version":[{"id":10777,"href":"https:\/\/www.radiomoradebre.cat\/wp\/wp-json\/wp\/v2\/posts\/10776\/revisions\/10777"}],"wp:attachment":[{"href":"https:\/\/www.radiomoradebre.cat\/wp\/wp-json\/wp\/v2\/media?parent=10776"}],"wp:term":[{"taxonomy":"category","embeddable":true,"href":"https:\/\/www.radiomoradebre.cat\/wp\/wp-json\/wp\/v2\/categories?post=10776"},{"taxonomy":"post_tag","embeddable":true,"href":"https:\/\/www.radiomoradebre.cat\/wp\/wp-json\/wp\/v2\/tags?post=10776"}],"curies":[{"name":"wp","href":"https:\/\/api.w.org\/{rel}","templated":true}]}}