
{"id":1075,"date":"2013-03-20T11:17:52","date_gmt":"2013-03-20T10:17:52","guid":{"rendered":"http:\/\/radiomoradebre.cat\/wp\/?p=1075"},"modified":"2013-03-20T11:17:52","modified_gmt":"2013-03-20T10:17:52","slug":"regidors-i-alcalde-de-flix-passen-la-primera-nit-amb-vaga-de-fam-a-lajuntament","status":"publish","type":"post","link":"https:\/\/www.radiomoradebre.cat\/wp\/2013\/03\/20\/regidors-i-alcalde-de-flix-passen-la-primera-nit-amb-vaga-de-fam-a-lajuntament\/","title":{"rendered":"Regidors i alcalde de Flix passen la primera nit amb vaga de fam a l&#8217;ajuntament"},"content":{"rendered":"<p><strong><em>Els 11 regidors i l\u2019alcalde de Flix continuen tancats a la casa de la vila des que ahir al vespre iniciessin una vaga de fam que s\u2019allargar\u00e0 fins aquest divendres, data l\u00edmit per arribar a un acord amb ERCROS.<\/em><\/strong><\/p>\n<p>Una vaga de fam que van iniciar ahir a les 7 de la tarda. Despr\u00e9s d\u2019haver donat sang els membres del consistori van alimentar-se b\u00e9 amb entrepans, conscients que aquest era el darrer \u00e0pat que feien fins al divendres. Tots ells han passat la nit a l\u2019ajuntament equipats amb sacs de dormir, mantes, aigua a l\u2019espera que ERCROS cedeixi. Francesc Barbero \u00e9s tinent alcalde de Flix:<\/p>\n<p><a href=\"http:\/\/radiomoradebre.cat\/wp\/wp-content\/uploads\/2013\/03\/FRANCESC-BARBERO-20-3-PRIMERA-NIT-VAGA-FAMMP3.mp3\">FRANCESC BARBERO 20-3 PRIMERA NIT VAGA FAMMP3<\/a><\/p>\n<p>I tot aix\u00f2 ho fan perqu\u00e8 estan conven\u00e7uts que encara hi ha marge de maniobra. Marc Mur \u00e9s l\u2019alcalde de Flix:<\/p>\n<p><a href=\"http:\/\/radiomoradebre.cat\/wp\/wp-content\/uploads\/2013\/03\/Copy-of-MARC-MUR-20-3-BAIXAR-SALARI.mp3\">MARC MUR 20-3 BAIXAR SALARI<\/a><\/p>\n<p>Tot plegat quan avui a les 3 de la tarda es reemprenen les converses entre treballadors i direcci\u00f3 d\u2019empresa. Unes negociacions que tenen de marge fins aquest divendres per arribar a un acord, si no s\u2019aplicaria l\u2019ERO tal i com es va presentar al principi, amb m\u00e9s de 150 acomiadaments.<\/p>\n<p><img loading=\"lazy\" decoding=\"async\" class=\"size-medium wp-image-1073 aligncenter\" style=\"color: #333333; font-style: normal;\" alt=\"SAMSUNG\" src=\"http:\/\/radiomoradebre.cat\/wp\/wp-content\/uploads\/2013\/03\/INICI-VAGA-FAM-19-3-2013-300x225.jpg\" width=\"300\" height=\"225\" srcset=\"https:\/\/www.radiomoradebre.cat\/wp\/wp-content\/uploads\/2013\/03\/INICI-VAGA-FAM-19-3-2013-300x225.jpg 300w, https:\/\/www.radiomoradebre.cat\/wp\/wp-content\/uploads\/2013\/03\/INICI-VAGA-FAM-19-3-2013-1024x768.jpg 1024w\" sizes=\"auto, (max-width: 300px) 100vw, 300px\" \/><\/p>\n<p><strong>Una vaga de fam que ha rebut el suport de la Delegaci\u00f3 del Govern a les Terres de l\u2019Ebre, ahir Xavier Pallar\u00e8s es mostrava un cop m\u00e9s al costat de Flix i del seu equip de govern.<\/strong><\/p>\n<p><a href=\"http:\/\/radiomoradebre.cat\/wp\/wp-content\/uploads\/2013\/03\/PALLARESSUPORT-FLIX_19-03.mp3\">XAVIER PALLARES 19-3 SUPORT FLIX_19-03<\/a><\/p>\n<p>&nbsp;<\/p>\n<p>&nbsp;<\/p>\n","protected":false},"excerpt":{"rendered":"<p>Els 11 regidors i l\u2019alcalde de Flix continuen tancats a la casa de la vila des que ahir al vespre iniciessin una vaga de fam que s\u2019allargar\u00e0 fins aquest divendres, data l\u00edmit per arribar a un acord amb ERCROS. Una &hellip; <a href=\"https:\/\/www.radiomoradebre.cat\/wp\/2013\/03\/20\/regidors-i-alcalde-de-flix-passen-la-primera-nit-amb-vaga-de-fam-a-lajuntament\/\">Continue reading <span class=\"meta-nav\">&rarr;<\/span><\/a><\/p>\n","protected":false},"author":3,"featured_media":0,"comment_status":"closed","ping_status":"open","sticky":false,"template":"","format":"standard","meta":{"footnotes":""},"categories":[2],"tags":[119,245,452,94,95,93,302,117,286,450,453,414,451,181],"class_list":["post-1075","post","type-post","status-publish","format-standard","hentry","category-noticies","tag-ajuntament-de-flix","tag-alcalde-de-flix","tag-delegacio-del-govern-a-les-terres-de-lebre","tag-ercros","tag-ero","tag-flix","tag-francesc-barbero","tag-marc-mur","tag-negociacions","tag-tancament-ajuntament","tag-treballadors-ercros","tag-vaga-de-fam","tag-vaga-de-fam-flix","tag-xavier-pallares"],"_links":{"self":[{"href":"https:\/\/www.radiomoradebre.cat\/wp\/wp-json\/wp\/v2\/posts\/1075","targetHints":{"allow":["GET"]}}],"collection":[{"href":"https:\/\/www.radiomoradebre.cat\/wp\/wp-json\/wp\/v2\/posts"}],"about":[{"href":"https:\/\/www.radiomoradebre.cat\/wp\/wp-json\/wp\/v2\/types\/post"}],"author":[{"embeddable":true,"href":"https:\/\/www.radiomoradebre.cat\/wp\/wp-json\/wp\/v2\/users\/3"}],"replies":[{"embeddable":true,"href":"https:\/\/www.radiomoradebre.cat\/wp\/wp-json\/wp\/v2\/comments?post=1075"}],"version-history":[{"count":1,"href":"https:\/\/www.radiomoradebre.cat\/wp\/wp-json\/wp\/v2\/posts\/1075\/revisions"}],"predecessor-version":[{"id":1078,"href":"https:\/\/www.radiomoradebre.cat\/wp\/wp-json\/wp\/v2\/posts\/1075\/revisions\/1078"}],"wp:attachment":[{"href":"https:\/\/www.radiomoradebre.cat\/wp\/wp-json\/wp\/v2\/media?parent=1075"}],"wp:term":[{"taxonomy":"category","embeddable":true,"href":"https:\/\/www.radiomoradebre.cat\/wp\/wp-json\/wp\/v2\/categories?post=1075"},{"taxonomy":"post_tag","embeddable":true,"href":"https:\/\/www.radiomoradebre.cat\/wp\/wp-json\/wp\/v2\/tags?post=1075"}],"curies":[{"name":"wp","href":"https:\/\/api.w.org\/{rel}","templated":true}]}}